{"id":33485,"date":"2021-03-25T17:01:47","date_gmt":"2021-03-25T16:01:47","guid":{"rendered":"https:\/\/swissmig.wordpress.com\/?p=33485"},"modified":"2021-03-25T17:01:47","modified_gmt":"2021-03-25T16:01:47","slug":"attendre-lasile-en-valais-arret-sur-une-temporalite-contrainte","status":"publish","type":"post","link":"https:\/\/swissmig.unine.ch\/?p=33485","title":{"rendered":"Attendre l\u2019asile en Valais : arr\u00eat sur une temporalit\u00e9 contrainte"},"content":{"rendered":"<h3>Author(s) : Daniela Da Cruz Gaspar<\/h3>\n<h3>Source : <a href=\"https:\/\/www.hevs.ch\/media\/document\/4\/travail-de-master_daniela-da-cruz-gaspar_attendre-l-asile-en-valais_arret-sur-une-temporalite-contrainte.pdf\" target=\"_blank\" rel=\"noopener\">https:\/\/www.hevs.ch\/media\/document\/4\/travail-de-master_daniela-da-cruz-gaspar_attendre-l-asile-en-valais_arret-sur-une-temporalite-contrainte.pdf<\/a><\/h3>\n<p><strong>Abstract: <\/strong><\/p>\n<p><!--more--><\/p>\n<blockquote>\n<div class=\"hlFld-Abstract\">\n<div class=\"abstractSection abstractInFull\">&#8220;Lorsqu\u2019une personne requ\u00e9rante d\u2019asile d\u00e9pose une demande d\u2019asile en Suisse, elle entame une proc\u00e9dure qui dure et dont l\u2019issue est incertaine. D\u00e9but\u00e9 trois mois apr\u00e8s l\u2019application de la nouvelle loi sur l\u2019asile, ce travail s\u2019int\u00e9resse aux contextes d\u2019attente et d\u2019incertitude dans lesquels \u00e9voluent les professionnel\u00b7le\u00b7s du travail social ainsi que les requ\u00e9rant\u00b7e\u00b7s d\u2019asile. Par le biais d\u2019entretiens et d\u2019observations au sein de deux foyers collectifs d\u2019altitude en Valais, cette recherche propose de s\u2019arr\u00eater sur cette temporalit\u00e9 particuli\u00e8re, mais aussi sur les sp\u00e9cificit\u00e9s pr\u00e9sentes dans le domaine de l\u2019asile, telles que la pr\u00e9sence de paradoxes et d\u2019injonctions. Mon travail met \u00e9galement en lumi\u00e8re des moments de d\u00e9tresse v\u00e9cus par les requ\u00e9rant\u00b7e\u00b7s et observ\u00e9s par les professionnel\u00b7le\u00b7s qui les accompagnent, ainsi que des situations dans lesquelles l\u2019\u00e9thique et les valeurs des professionnel\u00b7le\u00b7s sont mobilis\u00e9es. Au travers des diff\u00e9rentes donn\u00e9es que j\u2019ai pu r\u00e9colter, je mets en \u00e9vidence le contr\u00f4le exerc\u00e9 sur les requ\u00e9rant\u00b7e\u00b7s d\u2019asile, \u00e0 la fois sur leur mobilit\u00e9 mais aussi sur leur temporalit\u00e9.&#8221;<\/div>\n<div>&#8220;When an asylum seeker lodges an asylum application in Switzerland, he or she starts a process which lasts and whose outcome is uncertain. Begun three months after the application of the new asylum law, this work focuses on the waiting and uncertain contexts in which social work professionals and asylum seekers find themselves. By means of interviews and observations in two mountain centresin Valais, this research proposes to examine this particular temporality, but also the specific features present in the field of asylum, such as the presence of paradoxes and injunctions.My work also highlights moments of distress experienced by the asylum seekers and observed by the professionals accompanying them, as well as situations in which the ethics and values of the professionals are mobilised. Through the various data I have been able to collect, I highlight the control exercised over asylum seekers, both on their mobility and on their temporality.&#8221;<\/div>\n<div>\u00a0<\/div>\n<div><strong>Keywords<\/strong>: SFM Studies, wait, uncertainty, asylum, visibility, effect, asylum seekers, interviews, asylum procedure<\/div>\n<\/div>\n<\/blockquote>\n\n\n<p><\/p>\n","protected":false},"excerpt":{"rendered":"<p>Author(s) : Daniela Da Cruz Gaspar Source : https:\/\/www.hevs.ch\/media\/document\/4\/travail-de-master_daniela-da-cruz-gaspar_attendre-l-asile-en-valais_arret-sur-une-temporalite-contrainte.pdf Abstract:<\/p>\n","protected":false},"author":4,"featured_media":0,"comment_status":"open","ping_status":"open","sticky":false,"template":"","format":"standard","meta":{"_kadence_starter_templates_imported_post":false,"_kad_post_transparent":"","_kad_post_title":"","_kad_post_layout":"","_kad_post_sidebar_id":"","_kad_post_content_style":"","_kad_post_vertical_padding":"","_kad_post_feature":"","_kad_post_feature_position":"","_kad_post_header":false,"_kad_post_footer":false,"_kad_post_classname":"","jetpack_post_was_ever_published":false,"_jetpack_newsletter_access":"","_jetpack_dont_email_post_to_subs":false,"_jetpack_newsletter_tier_id":0,"_jetpack_memberships_contains_paywalled_content":false,"_jetpack_memberships_contains_paid_content":false,"footnotes":""},"categories":[12],"tags":[654,111,49,112,50,52,153,154,185,110,645,219,594,369],"class_list":["post-33485","post","type-post","status-publish","format-standard","hentry","category-politics","tag-654","tag-asylum-applications","tag-asylum-policy","tag-asylum-procedure","tag-asylum-seekers","tag-french-language","tag-health","tag-interviews","tag-mental-health","tag-mobility","tag-sfm-studies","tag-thesis","tag-uncertainty","tag-valais"],"jetpack_featured_media_url":"","jetpack_sharing_enabled":true,"_links":{"self":[{"href":"https:\/\/swissmig.unine.ch\/index.php?rest_route=\/wp\/v2\/posts\/33485","targetHints":{"allow":["GET"]}}],"collection":[{"href":"https:\/\/swissmig.unine.ch\/index.php?rest_route=\/wp\/v2\/posts"}],"about":[{"href":"https:\/\/swissmig.unine.ch\/index.php?rest_route=\/wp\/v2\/types\/post"}],"author":[{"embeddable":true,"href":"https:\/\/swissmig.unine.ch\/index.php?rest_route=\/wp\/v2\/users\/4"}],"replies":[{"embeddable":true,"href":"https:\/\/swissmig.unine.ch\/index.php?rest_route=%2Fwp%2Fv2%2Fcomments&post=33485"}],"version-history":[{"count":0,"href":"https:\/\/swissmig.unine.ch\/index.php?rest_route=\/wp\/v2\/posts\/33485\/revisions"}],"wp:attachment":[{"href":"https:\/\/swissmig.unine.ch\/index.php?rest_route=%2Fwp%2Fv2%2Fmedia&parent=33485"}],"wp:term":[{"taxonomy":"category","embeddable":true,"href":"https:\/\/swissmig.unine.ch\/index.php?rest_route=%2Fwp%2Fv2%2Fcategories&post=33485"},{"taxonomy":"post_tag","embeddable":true,"href":"https:\/\/swissmig.unine.ch\/index.php?rest_route=%2Fwp%2Fv2%2Ftags&post=33485"}],"curies":[{"name":"wp","href":"https:\/\/api.w.org\/{rel}","templated":true}]}}