{"id":33478,"date":"2021-03-25T16:24:55","date_gmt":"2021-03-25T15:24:55","guid":{"rendered":"https:\/\/swissmig.wordpress.com\/?p=33478"},"modified":"2021-03-25T16:24:55","modified_gmt":"2021-03-25T15:24:55","slug":"integration-am-arbeitsplatz-in-der-schweiz-probleme-und-massnahmen","status":"publish","type":"post","link":"https:\/\/swissmig.unine.ch\/?p=33478","title":{"rendered":"Integration am Arbeitsplatz in der Schweiz: Probleme und Massnahmen"},"content":{"rendered":"<h3>Author(s) : Janine Dahinden, Rosita Fibbi, Jo\u00eblle Moret, Sandro Cattacin<\/h3>\n<h3>Source : <a href=\"https:\/\/libra.unine.ch\/handle\/123456789\/18050\" target=\"_blank\" rel=\"noopener\">https:\/\/libra.unine.ch\/handle\/123456789\/18050<\/a><\/h3>\n<p><strong>Abstract: <\/strong><\/p>\n<p><!--more--><\/p>\n<blockquote>\n<div class=\"hlFld-Abstract\">\n<div class=\"abstractSection abstractInFull\">&#8220;Der vorliegende Bericht ist das Resultat einer Studie zur Integration von MigrantInnen der ersten Generation am Arbeitsplatz in der Schweiz. Darin wird aufgezeigt, welche Probleme existieren und durch welche Massnahmen und L\u00f6sungen die verschiedenen Akteure die Integration der MigrantInnen am Arbeitsplatz unterst\u00fctzen k\u00f6nnen. Gleichzeitig werden Empfehlungen pr\u00e4sentiert, wie Interkulturalit\u00e4t und Gleichbehandlung am Arbeitsplatz umgesetzt werden k\u00f6nnte.&#8221;<\/div>\n<div>&#8220;Ce rapport est le r\u00e9sultat d\u2019une \u00e9tude sur l\u2019int\u00e9gration des travailleuses et des travailleurs migrant\/es de la premi\u00e8re g\u00e9n\u00e9ration sur les lieux de travail en Suisse. Mettant le doigt sur les probl\u00e8mes majeurs qui se posent dans ce domaine, il vise \u00e9galement \u00e0 \u00e9clairer les mesures et les solutions que les diff\u00e9rents acteurs peuvent mettre en \u0153uvre pour soutenir cette int\u00e9gration. Des recommandations ont ainsi \u00e9t\u00e9 formul\u00e9es, qui permettent de donner \u00e0 l\u2019interculturalit\u00e9 et \u00e0 l\u2019\u00e9galit\u00e9 de traitement la place qu\u2019elles m\u00e9ritent au sein des divers lieux de travail.&#8221;<\/div>\n<div>\u00a0<\/div>\n<div><strong>Keywords<\/strong>: working conditions, SFM Studies, integration, migrants, first generation, workers, workplace<\/div>\n<\/div>\n<\/blockquote>\n\n\n<p><\/p>\n","protected":false},"excerpt":{"rendered":"<p>Author(s) : Janine Dahinden, Rosita Fibbi, Jo\u00eblle Moret, Sandro Cattacin&#8230;<\/p>\n","protected":false},"author":4,"featured_media":0,"comment_status":"open","ping_status":"open","sticky":false,"template":"","format":"standard","meta":{"_kadence_starter_templates_imported_post":false,"_kad_post_transparent":"","_kad_post_title":"","_kad_post_layout":"","_kad_post_sidebar_id":"","_kad_post_content_style":"","_kad_post_vertical_padding":"","_kad_post_feature":"","_kad_post_feature_position":"","_kad_post_header":false,"_kad_post_footer":false,"_kad_post_classname":"","jetpack_post_was_ever_published":false,"_jetpack_newsletter_access":"","_jetpack_dont_email_post_to_subs":false,"_jetpack_newsletter_tier_id":0,"_jetpack_memberships_contains_paywalled_content":false,"_jetpack_memberships_contains_paid_content":false,"footnotes":""},"categories":[16],"tags":[85,176,79,82,225,73,41,88,19,83,122,403,249,645,384,158,616],"class_list":["post-33478","post","type-post","status-publish","format-standard","hentry","category-economics","tag-85","tag-economic-integration","tag-equal-opportunities","tag-ethnic-discrimination","tag-first-generation","tag-german-language","tag-integration","tag-intercultural-relations","tag-labour-market","tag-labour-market-policy","tag-migrants","tag-qualifications","tag-report","tag-sfm-studies","tag-workers","tag-working-conditions","tag-workplace"],"jetpack_featured_media_url":"","jetpack_sharing_enabled":true,"_links":{"self":[{"href":"https:\/\/swissmig.unine.ch\/index.php?rest_route=\/wp\/v2\/posts\/33478","targetHints":{"allow":["GET"]}}],"collection":[{"href":"https:\/\/swissmig.unine.ch\/index.php?rest_route=\/wp\/v2\/posts"}],"about":[{"href":"https:\/\/swissmig.unine.ch\/index.php?rest_route=\/wp\/v2\/types\/post"}],"author":[{"embeddable":true,"href":"https:\/\/swissmig.unine.ch\/index.php?rest_route=\/wp\/v2\/users\/4"}],"replies":[{"embeddable":true,"href":"https:\/\/swissmig.unine.ch\/index.php?rest_route=%2Fwp%2Fv2%2Fcomments&post=33478"}],"version-history":[{"count":0,"href":"https:\/\/swissmig.unine.ch\/index.php?rest_route=\/wp\/v2\/posts\/33478\/revisions"}],"wp:attachment":[{"href":"https:\/\/swissmig.unine.ch\/index.php?rest_route=%2Fwp%2Fv2%2Fmedia&parent=33478"}],"wp:term":[{"taxonomy":"category","embeddable":true,"href":"https:\/\/swissmig.unine.ch\/index.php?rest_route=%2Fwp%2Fv2%2Fcategories&post=33478"},{"taxonomy":"post_tag","embeddable":true,"href":"https:\/\/swissmig.unine.ch\/index.php?rest_route=%2Fwp%2Fv2%2Ftags&post=33478"}],"curies":[{"name":"wp","href":"https:\/\/api.w.org\/{rel}","templated":true}]}}