{"id":33463,"date":"2021-03-29T08:00:00","date_gmt":"2021-03-29T07:00:00","guid":{"rendered":"https:\/\/swissmig.wordpress.com\/?p=33463"},"modified":"2021-03-29T08:00:00","modified_gmt":"2021-03-29T07:00:00","slug":"mouvements-migratoires-et-personnes-migrantes-au-xxie-siecle-un-eclairage-sur-leur-evolution-et-leur-diversite","status":"publish","type":"post","link":"https:\/\/swissmig.unine.ch\/?p=33463","title":{"rendered":"Mouvements migratoires et personnes migrantes au XXIe si\u00e8cle : un \u00e9clairage sur leur \u00e9volution et leur diversit\u00e9"},"content":{"rendered":"<h3>Author(s) : Camilla Alberti, Christin Achermann<\/h3>\n<h3>Source : <a href=\"https:\/\/libra.unine.ch\/export\/DL\/45114.pdf\" target=\"_blank\" rel=\"noopener\">https:\/\/libra.unine.ch\/export\/DL\/45114.pdf<\/a><\/h3>\n<p><strong>Abstract: <\/strong><!--more--><\/p>\n<blockquote>\n<div class=\"hlFld-Abstract\">\n<div class=\"abstractSection abstractInFull\">&#8220;Ce chapitre offre un \u00e9clairage sur le ph\u00e9nom\u00e8ne migratoire au XXIe si\u00e8cle. Apr\u00e8s avoir \u00e9voqu\u00e9 les nouvelles approches conceptuelles, th\u00e9oriques et m\u00e9thodologiques pour l\u2019\u00e9tude de soci\u00e9t\u00e9s marqu\u00e9es par le mouvement, il se penche sur la complexit\u00e9 des migrations et des mobilit\u00e9s contemporaines en montrant que les cat\u00e9gories migratoires, d\u00e9coulant notamment des statistiques et du droit, ne refl\u00e8tent pas enti\u00e8rement la r\u00e9alit\u00e9 sociale des personnes migrantes qui empruntent plusieurs statuts et \u00abprofils migratoires\u00bb au cours de leur vie, voire qui appartiennent \u00e0 plusieurs profils \u00e0 la fois. Le chapitre se termine par l\u2019analyse des chiffres r\u00e9cents de la migration en Europe et la description des populations qui constituent ces flux dans trois pays francophones -la Belgique, la France et la Suisse.&#8221;<\/div>\n<\/div>\n<\/blockquote>\n","protected":false},"excerpt":{"rendered":"<p>Author(s) : Camilla Alberti, Christin Achermann Source : https:\/\/libra.unine.ch\/export\/DL\/45114.pdf Abstract:<\/p>\n","protected":false},"author":4,"featured_media":0,"comment_status":"open","ping_status":"open","sticky":false,"template":"","format":"standard","meta":{"_kadence_starter_templates_imported_post":false,"_kad_post_transparent":"","_kad_post_title":"","_kad_post_layout":"","_kad_post_sidebar_id":"","_kad_post_content_style":"","_kad_post_vertical_padding":"","_kad_post_feature":"","_kad_post_feature_position":"","_kad_post_header":false,"_kad_post_footer":false,"_kad_post_classname":"","jetpack_post_was_ever_published":false,"_jetpack_newsletter_access":"","_jetpack_dont_email_post_to_subs":false,"_jetpack_newsletter_tier_id":0,"_jetpack_memberships_contains_paywalled_content":false,"_jetpack_memberships_contains_paid_content":false,"footnotes":""},"categories":[43],"tags":[693,224,32,57,120,58,197,52,87,122,20,110,531,643],"class_list":["post-33463","post","type-post","status-publish","format-standard","hentry","category-the-migration-phenomenon","tag-693","tag-belgium","tag-book-chapter","tag-comparative-analysis","tag-data-analysis","tag-europe","tag-france","tag-french-language","tag-history","tag-migrants","tag-migration-flows","tag-mobility","tag-population-dynamics","tag-refugee-status"],"jetpack_featured_media_url":"","jetpack_sharing_enabled":true,"_links":{"self":[{"href":"https:\/\/swissmig.unine.ch\/index.php?rest_route=\/wp\/v2\/posts\/33463","targetHints":{"allow":["GET"]}}],"collection":[{"href":"https:\/\/swissmig.unine.ch\/index.php?rest_route=\/wp\/v2\/posts"}],"about":[{"href":"https:\/\/swissmig.unine.ch\/index.php?rest_route=\/wp\/v2\/types\/post"}],"author":[{"embeddable":true,"href":"https:\/\/swissmig.unine.ch\/index.php?rest_route=\/wp\/v2\/users\/4"}],"replies":[{"embeddable":true,"href":"https:\/\/swissmig.unine.ch\/index.php?rest_route=%2Fwp%2Fv2%2Fcomments&post=33463"}],"version-history":[{"count":0,"href":"https:\/\/swissmig.unine.ch\/index.php?rest_route=\/wp\/v2\/posts\/33463\/revisions"}],"wp:attachment":[{"href":"https:\/\/swissmig.unine.ch\/index.php?rest_route=%2Fwp%2Fv2%2Fmedia&parent=33463"}],"wp:term":[{"taxonomy":"category","embeddable":true,"href":"https:\/\/swissmig.unine.ch\/index.php?rest_route=%2Fwp%2Fv2%2Fcategories&post=33463"},{"taxonomy":"post_tag","embeddable":true,"href":"https:\/\/swissmig.unine.ch\/index.php?rest_route=%2Fwp%2Fv2%2Ftags&post=33463"}],"curies":[{"name":"wp","href":"https:\/\/api.w.org\/{rel}","templated":true}]}}