{"id":33456,"date":"2021-03-22T08:00:00","date_gmt":"2021-03-22T07:00:00","guid":{"rendered":"https:\/\/swissmig.wordpress.com\/?p=33456"},"modified":"2021-03-22T08:00:00","modified_gmt":"2021-03-22T07:00:00","slug":"les-transferts-de-fonds-des-migrants-albanais-facteurs-determinant-leur-reception","status":"publish","type":"post","link":"https:\/\/swissmig.unine.ch\/?p=33456","title":{"rendered":"Les transferts de fonds des migrants albanais: facteurs d\u00e9terminant leur r\u00e9ception"},"content":{"rendered":"<h3>Author(s) : Mathias Lerch, Philippe Wanner<\/h3>\n<h3>Source : <a href=\"https:\/\/libra.unine.ch\/handle\/123456789\/18080\" target=\"_blank\" rel=\"noopener\">https:\/\/libra.unine.ch\/handle\/123456789\/18080<\/a><\/h3>\n<p><!--more--><\/p>\n<blockquote>\n<div class=\"hlFld-Abstract\">\n<div class=\"abstractSection abstractInFull\">&#8220;Les transferts de fonds des migrants contribuent-ils \u00e0 la r\u00e9duction de la pauvret\u00e9 et \u00e0 la croissance \u00e9conomique des pays en d\u00e9veloppement et en transition ? Cette \u00e9tude s\u2019efforce de r\u00e9pondre \u00e0 cette question : elle d\u00e9crit l\u2019\u00e9volution de ces flux financiers et discute leur impact sur les pays d\u2019origine des migrants, \u00e0 partir du cas de l\u2019Albanie, pays \u00e0 forte \u00e9migration depuis les ann\u00e9es 1990. Les r\u00e9sultats indiquent que les transferts de fonds contribuent \u00e0 la r\u00e9duction de la pauvret\u00e9 dans le pays mais n\u2019ont pas d\u2019impact v\u00e9ritable sur la croissance \u00e9conomique : en effet, les b\u00e9n\u00e9ficiaires de transferts de fonds sont socialement et \u00e9conomiquement vuln\u00e9rables. En outre, la concentration des r\u00e9cipiendaires dans des r\u00e9gions \u00e9conomiquement centrales du pays tend \u00e0 renforcer les disparit\u00e9s interr\u00e9gionales creus\u00e9es par les importants mouvements de population.&#8221;<\/div>\n<div><\/div>\n<div><strong>Keywords<\/strong>: remittances, diasporas, SFM Studies, report, transnationalism, Albanians, migration flows<\/div>\n<\/div>\n<\/blockquote>\n","protected":false},"excerpt":{"rendered":"<p>Author(s) : Mathias Lerch, Philippe Wanner Source : https:\/\/libra.unine.ch\/handle\/123456789\/18080<\/p>\n","protected":false},"author":4,"featured_media":0,"comment_status":"open","ping_status":"open","sticky":false,"template":"","format":"standard","meta":{"_kadence_starter_templates_imported_post":false,"_kad_post_transparent":"","_kad_post_title":"","_kad_post_layout":"","_kad_post_sidebar_id":"","_kad_post_content_style":"","_kad_post_vertical_padding":"","_kad_post_feature":"","_kad_post_feature_position":"","_kad_post_header":false,"_kad_post_footer":false,"_kad_post_classname":"","jetpack_post_was_ever_published":false,"_jetpack_newsletter_access":"","_jetpack_dont_email_post_to_subs":false,"_jetpack_newsletter_tier_id":0,"_jetpack_memberships_contains_paywalled_content":false,"_jetpack_memberships_contains_paid_content":false,"footnotes":""},"categories":[16],"tags":[417,336,92,136,52,20,632,249,645,279,26],"class_list":["post-33456","post","type-post","status-publish","format-standard","hentry","category-economics","tag-417","tag-albanians","tag-country-of-origin","tag-diasporas","tag-french-language","tag-migration-flows","tag-remittances","tag-report","tag-sfm-studies","tag-socioeconomic-factors","tag-transnationalism"],"jetpack_featured_media_url":"","jetpack_sharing_enabled":true,"_links":{"self":[{"href":"https:\/\/swissmig.unine.ch\/index.php?rest_route=\/wp\/v2\/posts\/33456","targetHints":{"allow":["GET"]}}],"collection":[{"href":"https:\/\/swissmig.unine.ch\/index.php?rest_route=\/wp\/v2\/posts"}],"about":[{"href":"https:\/\/swissmig.unine.ch\/index.php?rest_route=\/wp\/v2\/types\/post"}],"author":[{"embeddable":true,"href":"https:\/\/swissmig.unine.ch\/index.php?rest_route=\/wp\/v2\/users\/4"}],"replies":[{"embeddable":true,"href":"https:\/\/swissmig.unine.ch\/index.php?rest_route=%2Fwp%2Fv2%2Fcomments&post=33456"}],"version-history":[{"count":0,"href":"https:\/\/swissmig.unine.ch\/index.php?rest_route=\/wp\/v2\/posts\/33456\/revisions"}],"wp:attachment":[{"href":"https:\/\/swissmig.unine.ch\/index.php?rest_route=%2Fwp%2Fv2%2Fmedia&parent=33456"}],"wp:term":[{"taxonomy":"category","embeddable":true,"href":"https:\/\/swissmig.unine.ch\/index.php?rest_route=%2Fwp%2Fv2%2Fcategories&post=33456"},{"taxonomy":"post_tag","embeddable":true,"href":"https:\/\/swissmig.unine.ch\/index.php?rest_route=%2Fwp%2Fv2%2Ftags&post=33456"}],"curies":[{"name":"wp","href":"https:\/\/api.w.org\/{rel}","templated":true}]}}