{"id":33435,"date":"2021-03-15T08:00:00","date_gmt":"2021-03-15T07:00:00","guid":{"rendered":"https:\/\/swissmig.wordpress.com\/?p=33435"},"modified":"2021-03-15T08:00:00","modified_gmt":"2021-03-15T07:00:00","slug":"les-destins-de-lheritage-traumatique-au-coeur-du-processus-de-parentalite-a-propos-de-la-transmission-entre-les-generations-chez-les-descendants-dexiles-politiques-chiliens-vivant-en-suisse","status":"publish","type":"post","link":"https:\/\/swissmig.unine.ch\/?p=33435","title":{"rendered":"Les destins de l&#8217;h\u00e9ritage traumatique au c\u0153ur du processus de parentalit\u00e9: \u00e0 propos de la transmission entre les g\u00e9n\u00e9rations chez les descendants d&#8217;exil\u00e9s politiques chiliens vivant en Suisse"},"content":{"rendered":"<h3>Author(s) : Manon Bourguignon<\/h3>\n<h3>Source : <a href=\"https:\/\/serval.unil.ch\/resource\/serval:BIB_B3FA716F9624.P001\/REF\" target=\"_blank\" rel=\"noopener\">https:\/\/serval.unil.ch\/resource\/serval:BIB_B3FA716F9624.P001\/REF<\/a><\/h3>\n<p><strong>Abstract: <\/strong><!--more--><\/p>\n<blockquote>\n<div class=\"hlFld-Abstract\">\n<div class=\"abstractSection abstractInFull\">&#8220;Suite aux violences collectives qui ont marqu\u00e9 le XXi\u00e8me si\u00e8cle, de nombreuses \u00e9tudes en psychologie se sont centr\u00e9es sur la transmission du traumatisme. L\u2019originalit\u00e9 de notre recherche est d\u2019explorer la dynamique de la transmission du traumatisme \u00e0 travers le prisme du processus de parentalit\u00e9. Notre objectif est d\u2019explorer l\u2019impact des remaniements identificatoires suscit\u00e9s par la parentalit\u00e9 sur la transmission psychique \u00e0 la g\u00e9n\u00e9ration suivante;et ce dans le contexte particulier,\u00e0 savoir celui de la situation d\u2019exil et de l\u2019h\u00e9ritage d\u2019un traumatisme collectif. Le terrain de recherche porte sur la dictature civile-militaire au Chili (1973-1990). Pour r\u00e9pondre \u00e0 notre objectif, nous avons rencontr\u00e9 douze participants, descendants d\u2019exil\u00e9s politiques chiliens dont les enfants grandissent en Suisse. Le dispositif m\u00e9thodologique qualitatif se compose de trois entretiens en individuel accompagn\u00e9 d\u2019instruments et d\u2019un guide d\u2019entretien semi-directif. Une double logique analytique \u2013singuli\u00e8re et transversale \u2013a \u00e9t\u00e9 privil\u00e9gi\u00e9e au moyen d\u2019analyses th\u00e9matique et interpr\u00e9tative. Les principaux r\u00e9sultats de la recherche \u00e9clairent la complexit\u00e9 de la dynamique de la transmission des rep\u00e8res identificatoires dans le contexte de l\u2019exil.&#8221;<\/div>\n<div><\/div>\n<div>&#8220;In the aftermath of the collective violence that marked the twentieth century, many psychological studies focused on the transmission of trauma. The originality of our research, is to explore the dynamics of trauma transmission through the prism of the parenting process. Our objective is to explore the impact of the identificatory rearrangement brought about by parenthood on psychic transmission to the next generation, and in the particular context of the exile situation and the inheritance of collective trauma. The research field concentrates on the civil-military dictatorship in Chile (1973-1990). To meet our goal, we met twelve participants, descendants of Chilean political exiles whose children grew up in Switzerland. The qualitative methodological plan consists in three individual interviews completed by instruments and a semi-structured interview guide. A double analytical logic -singular and transversal- has been privileged through thematic and interpretative analysis. The main results highlight the complexity of the dynamics of the transmission of identifying landmarks in the context of exile.&#8221;<\/div>\n<\/div>\n<\/blockquote>\n","protected":false},"excerpt":{"rendered":"<p>Author(s) : Manon Bourguignon Source : https:\/\/serval.unil.ch\/resource\/serval:BIB_B3FA716F9624.P001\/REF Abstract:<\/p>\n","protected":false},"author":4,"featured_media":0,"comment_status":"open","ping_status":"open","sticky":false,"template":"","format":"standard","meta":{"_kadence_starter_templates_imported_post":false,"_kad_post_transparent":"","_kad_post_title":"","_kad_post_layout":"","_kad_post_sidebar_id":"","_kad_post_content_style":"","_kad_post_vertical_padding":"","_kad_post_feature":"","_kad_post_feature_position":"","_kad_post_header":false,"_kad_post_footer":false,"_kad_post_classname":"","jetpack_post_was_ever_published":false,"_jetpack_newsletter_access":"","_jetpack_dont_email_post_to_subs":false,"_jetpack_newsletter_tier_id":0,"_jetpack_memberships_contains_paywalled_content":false,"_jetpack_memberships_contains_paid_content":false,"footnotes":""},"categories":[24],"tags":[654,471,136,589,21,52,206,123,94,394,188,145,26,470,416,677],"class_list":["post-33435","post","type-post","status-publish","format-standard","hentry","category-society-family-racism","tag-654","tag-chileans","tag-diasporas","tag-doctoral-thesis","tag-family","tag-french-language","tag-political-activities","tag-political-participation","tag-political-system","tag-psychology","tag-ptsd","tag-second-generation","tag-transnationalism","tag-trauma","tag-violence","tag-war"],"jetpack_featured_media_url":"","jetpack_sharing_enabled":true,"_links":{"self":[{"href":"https:\/\/swissmig.unine.ch\/index.php?rest_route=\/wp\/v2\/posts\/33435","targetHints":{"allow":["GET"]}}],"collection":[{"href":"https:\/\/swissmig.unine.ch\/index.php?rest_route=\/wp\/v2\/posts"}],"about":[{"href":"https:\/\/swissmig.unine.ch\/index.php?rest_route=\/wp\/v2\/types\/post"}],"author":[{"embeddable":true,"href":"https:\/\/swissmig.unine.ch\/index.php?rest_route=\/wp\/v2\/users\/4"}],"replies":[{"embeddable":true,"href":"https:\/\/swissmig.unine.ch\/index.php?rest_route=%2Fwp%2Fv2%2Fcomments&post=33435"}],"version-history":[{"count":0,"href":"https:\/\/swissmig.unine.ch\/index.php?rest_route=\/wp\/v2\/posts\/33435\/revisions"}],"wp:attachment":[{"href":"https:\/\/swissmig.unine.ch\/index.php?rest_route=%2Fwp%2Fv2%2Fmedia&parent=33435"}],"wp:term":[{"taxonomy":"category","embeddable":true,"href":"https:\/\/swissmig.unine.ch\/index.php?rest_route=%2Fwp%2Fv2%2Fcategories&post=33435"},{"taxonomy":"post_tag","embeddable":true,"href":"https:\/\/swissmig.unine.ch\/index.php?rest_route=%2Fwp%2Fv2%2Ftags&post=33435"}],"curies":[{"name":"wp","href":"https:\/\/api.w.org\/{rel}","templated":true}]}}