{"id":33405,"date":"2021-03-01T08:00:00","date_gmt":"2021-03-01T07:00:00","guid":{"rendered":"https:\/\/swissmig.wordpress.com\/?p=33405"},"modified":"2021-03-01T08:00:00","modified_gmt":"2021-03-01T07:00:00","slug":"different-origins-different-outcomes-unequal-opportunities-the-transition-to-adulthood-among-the-descendants-of-immigrants-in-switzerland","status":"publish","type":"post","link":"https:\/\/swissmig.unine.ch\/?p=33405","title":{"rendered":"Different Origins, Different Outcomes, Unequal Opportunities ?: The Transition to Adulthood Among the Descendants of Immigrants in Switzerland"},"content":{"rendered":"<h3>Author(s) : Eder Andr\u00e9s Guarin Rojas<\/h3>\n<h3>Source : <a href=\"https:\/\/serval.unil.ch\/resource\/serval:BIB_FA23219B9F49.P002\/REF\" target=\"_blank\" rel=\"noopener\">https:\/\/serval.unil.ch\/resource\/serval:BIB_FA23219B9F49.P002\/REF<\/a><\/h3>\n<p><strong>Abstract: <\/strong><!--more--><\/p>\n<blockquote>\n<div class=\"hlFld-Abstract\">\n<div>&#8220;This thesis explores the existence (or not) of structural inequalities and their role in the process of the &#8220;successful&#8221; integration of immigrant children in Switzerland during the transition to adulthood. I focus on three dimensions: socioeconomic inequalities, social-relation inequalities, and sociocultural inequalities. These dimensions are operationalized in four empirical chapters. Each chapter can be read independently as a scientific contribution to the study of the children of immigrants in Switzerland. It can also be read as a contribution to the overall purpose of the thesis. Overall, the results confirm the existence of structural inequalities among the children of immigrants, particularly the children of immigrants with Southeastern European and Turkish origins. The first article confirms the existence of structural inequalities in professional insertion for the children of immigrants from Kosovo. The second article shows that the networks of the children of immigrants are constituted differently according to their parents\u2019 country of birth. Immigrant children with Southeastern European and Turkish origins have networks that prevent successful social integration. The last two chapters focus on two demographic events to study family formation\u2014the births of the first child and second child, and the first union. They show that the chance of having a second birth is lower for immigrants and their descendants than it is for Swiss natives, and children of immigrants from Eastern European countries experience faster transitions into cohabitation and marriage. In view of the results, with the continuous growth of immigrant children in Swiss society, and with the interest of Swiss society in guaranteeing the integration of all of its components, it is essential to continue to produce studies targeting the children of immigrants and to identify the mechanisms that make it possible to identify the existence of social inequalities.&#8221;<\/div>\n<div><\/div>\n<div class=\"abstractSection abstractInFull\">&#8220;Cette th\u00e8se \u00e9tudie l&#8217;existence (ou non) d&#8217;in\u00e9galit\u00e9s structurelles et leur r\u00f4le dans le processus d&#8217;int\u00e9gration &#8220;r\u00e9ussie&#8221; des enfants immigr\u00e9s en Suisse lors du passage \u00e0 l&#8217;\u00e2ge adulte. Je me concentre sur trois dimensions :les in\u00e9galit\u00e9s socio-\u00e9conomiques, les in\u00e9galit\u00e9s socio-relationnelles et les in\u00e9galit\u00e9s socio-culturelles. Ces dimensions sont ensuite op\u00e9rationnalis\u00e9es dans quatre chapitres empiriques. Chaque chapitre, par son contenu sp\u00e9cifique, peut \u00eatre lu ind\u00e9pendamment comme une contribution scientifique \u00e0 l&#8217;\u00e9tude des enfants d&#8217;immigr\u00e9s en Suisse. Il peut \u00e9galement \u00eatre lu comme une contribution \u00e0 l&#8217;objectif global de la th\u00e8se. Dans l&#8217;ensemble, les r\u00e9sultats confirment l&#8217;existence d&#8217;in\u00e9galit\u00e9s structurelles parmi les enfants d&#8217;immigr\u00e9s, en particulier pour les enfants d&#8217;immigr\u00e9s avec un origine du Sud-Est de l\u2019Europe ou de la Turquie. Le premier article d\u00e9montre l&#8217;existence d&#8217;in\u00e9galit\u00e9s structurelles dans l&#8217;insertion professionnelle des enfants d&#8217;immigr\u00e9s du Kosovo. Le deuxi\u00e8me article explique que les r\u00e9seaux d&#8217;enfants d&#8217;immigr\u00e9s sont diff\u00e9remment constitu\u00e9s selon le pays de naissance de leurs parents. Les enfants d&#8217;immigr\u00e9s d&#8217;origine du Sud-Est de l\u2019Europe ou de la Turquie ont des r\u00e9seaux qui emp\u00eachent une int\u00e9gration sociale r\u00e9ussie. Les deux derniers chapitres se concentrent sur deux \u00e9v\u00e9nements d\u00e9mographiques pour \u00e9tudier la formation des familles -la naissance du premier et du deuxi\u00e8me enfant et la premi\u00e8re union -montrant que la probabilit\u00e9 d&#8217;avoir une deuxi\u00e8me naissance est plus faible pour les immigr\u00e9s et leurs descendants que pour les natifs suisses, et que les enfants d&#8217;immigr\u00e9s des pays du Sud-Est de l\u2019Europe pr\u00e9sentent des transitions plus rapides vers la cohabitation et le mariage. Au vu des r\u00e9sultats, de la croissance continue des enfants d&#8217;immigr\u00e9s dans la soci\u00e9t\u00e9 suisse et de l&#8217;int\u00e9r\u00eat de la soci\u00e9t\u00e9 suisse \u00e0 garantir l&#8217;int\u00e9gration de toutes ses composantes, il est essentiel de continuer \u00e0 produire des \u00e9tudes ciblant les enfants d&#8217;immigr\u00e9s et d&#8217;identifier les m\u00e9canismes qui permettent d&#8217;identifier l&#8217;existence d&#8217;in\u00e9galit\u00e9s sociales.&#8221;<\/div>\n<div class=\"abstractSection abstractInFull\">\n<div id=\"articleAbstract\"><\/div>\n<\/div>\n<\/div>\n<\/blockquote>\n","protected":false},"excerpt":{"rendered":"<p>Author(s) : Eder Andr\u00e9s Guarin Rojas Source : https:\/\/serval.unil.ch\/resource\/serval:BIB_FA23219B9F49.P002\/REF Abstract:<\/p>\n","protected":false},"author":4,"featured_media":0,"comment_status":"open","ping_status":"open","sticky":false,"template":"","format":"standard","meta":{"_kadence_starter_templates_imported_post":false,"_kad_post_transparent":"","_kad_post_title":"","_kad_post_layout":"","_kad_post_sidebar_id":"","_kad_post_content_style":"","_kad_post_vertical_padding":"","_kad_post_feature":"","_kad_post_feature_position":"","_kad_post_header":false,"_kad_post_footer":false,"_kad_post_classname":"","jetpack_post_was_ever_published":false,"_jetpack_newsletter_access":"","_jetpack_dont_email_post_to_subs":false,"_jetpack_newsletter_tier_id":0,"_jetpack_memberships_contains_paywalled_content":false,"_jetpack_memberships_contains_paid_content":false,"footnotes":""},"categories":[24],"tags":[654,260,318,57,92,151,589,9,79,58,21,387,193,145,47,91,279,195,118],"class_list":["post-33405","post","type-post","status-publish","format-standard","hentry","category-society-family-racism","tag-654","tag-adulthood","tag-children","tag-comparative-analysis","tag-country-of-origin","tag-cultural-identity","tag-doctoral-thesis","tag-english-language","tag-equal-opportunities","tag-europe","tag-family","tag-integration-policy","tag-kosovo","tag-second-generation","tag-social-inequalities","tag-social-integration","tag-socioeconomic-factors","tag-turkey","tag-youth"],"jetpack_featured_media_url":"","jetpack_sharing_enabled":true,"_links":{"self":[{"href":"https:\/\/swissmig.unine.ch\/index.php?rest_route=\/wp\/v2\/posts\/33405","targetHints":{"allow":["GET"]}}],"collection":[{"href":"https:\/\/swissmig.unine.ch\/index.php?rest_route=\/wp\/v2\/posts"}],"about":[{"href":"https:\/\/swissmig.unine.ch\/index.php?rest_route=\/wp\/v2\/types\/post"}],"author":[{"embeddable":true,"href":"https:\/\/swissmig.unine.ch\/index.php?rest_route=\/wp\/v2\/users\/4"}],"replies":[{"embeddable":true,"href":"https:\/\/swissmig.unine.ch\/index.php?rest_route=%2Fwp%2Fv2%2Fcomments&post=33405"}],"version-history":[{"count":0,"href":"https:\/\/swissmig.unine.ch\/index.php?rest_route=\/wp\/v2\/posts\/33405\/revisions"}],"wp:attachment":[{"href":"https:\/\/swissmig.unine.ch\/index.php?rest_route=%2Fwp%2Fv2%2Fmedia&parent=33405"}],"wp:term":[{"taxonomy":"category","embeddable":true,"href":"https:\/\/swissmig.unine.ch\/index.php?rest_route=%2Fwp%2Fv2%2Fcategories&post=33405"},{"taxonomy":"post_tag","embeddable":true,"href":"https:\/\/swissmig.unine.ch\/index.php?rest_route=%2Fwp%2Fv2%2Ftags&post=33405"}],"curies":[{"name":"wp","href":"https:\/\/api.w.org\/{rel}","templated":true}]}}