{"id":33400,"date":"2021-03-01T08:00:00","date_gmt":"2021-03-01T07:00:00","guid":{"rendered":"https:\/\/swissmig.wordpress.com\/?p=33400"},"modified":"2021-03-01T08:00:00","modified_gmt":"2021-03-01T07:00:00","slug":"rechtsextremismus-und-ausstiegshilfen-moglichkeiten-und-potentiale-fur-die-schweiz","status":"publish","type":"post","link":"https:\/\/swissmig.unine.ch\/?p=33400","title":{"rendered":"Rechtsextremismus und Ausstiegshilfen: M\u00f6glichkeiten und Potentiale f\u00fcr die Schweiz"},"content":{"rendered":"<h3>Author(s) : Gianni D&#8217;Amato, Brigitta Gerber<\/h3>\n<h3>Source : <a href=\"https:\/\/libra.unine.ch\/handle\/123456789\/18027\" target=\"_blank\" rel=\"noopener\">https:\/\/libra.unine.ch\/handle\/123456789\/18027<\/a><\/h3>\n<p><!--more--><\/p>\n<blockquote>\n<div class=\"hlFld-Abstract\">\n<div class=\"abstractSection abstractInFull\">&#8220;Diese Untersuchung vergleicht die bestehenden europ\u00e4ischen Ausstiegsmodelle f\u00fcr Extremistinnen und Extremisten aus dem rechten politischen Spektrum. Anschliessend reflektiert der Bericht die M\u00f6glichkeiten einer \u00dcbertragung dieser Modelle in die Schweiz mit Hilfe einer Befragung von Expertinnen und Experten.&#8221;<\/div>\n<div><\/div>\n<div><strong>Keywords<\/strong>: right-wing radicalism, racism, attitudes towards migrants, youth, violence, SFM Studies, comparative analysis, Germany, Switzerland, Norway<\/div>\n<\/div>\n<\/blockquote>\n","protected":false},"excerpt":{"rendered":"<p>Author(s) : Gianni D&#8217;Amato, Brigitta Gerber Source : https:\/\/libra.unine.ch\/handle\/123456789\/18027<\/p>\n","protected":false},"author":4,"featured_media":0,"comment_status":"open","ping_status":"open","sticky":false,"template":"","format":"standard","meta":{"_kadence_starter_templates_imported_post":false,"_kad_post_transparent":"","_kad_post_title":"","_kad_post_layout":"","_kad_post_sidebar_id":"","_kad_post_content_style":"","_kad_post_vertical_padding":"","_kad_post_feature":"","_kad_post_feature_position":"","_kad_post_header":false,"_kad_post_footer":false,"_kad_post_classname":"","jetpack_post_was_ever_published":false,"_jetpack_newsletter_access":"","_jetpack_dont_email_post_to_subs":false,"_jetpack_newsletter_tier_id":0,"_jetpack_memberships_contains_paywalled_content":false,"_jetpack_memberships_contains_paid_content":false,"footnotes":""},"categories":[24],"tags":[346,599,37,57,82,58,73,226,381,94,295,334,249,254,645,416,118],"class_list":["post-33400","post","type-post","status-publish","format-standard","hentry","category-society-family-racism","tag-346","tag-anti-immigrant-violence","tag-attitudes-towards-migrants","tag-comparative-analysis","tag-ethnic-discrimination","tag-europe","tag-german-language","tag-germany","tag-norway","tag-political-system","tag-prevention","tag-racism","tag-report","tag-right-wing-radicalism","tag-sfm-studies","tag-violence","tag-youth"],"jetpack_featured_media_url":"","jetpack_sharing_enabled":true,"_links":{"self":[{"href":"https:\/\/swissmig.unine.ch\/index.php?rest_route=\/wp\/v2\/posts\/33400","targetHints":{"allow":["GET"]}}],"collection":[{"href":"https:\/\/swissmig.unine.ch\/index.php?rest_route=\/wp\/v2\/posts"}],"about":[{"href":"https:\/\/swissmig.unine.ch\/index.php?rest_route=\/wp\/v2\/types\/post"}],"author":[{"embeddable":true,"href":"https:\/\/swissmig.unine.ch\/index.php?rest_route=\/wp\/v2\/users\/4"}],"replies":[{"embeddable":true,"href":"https:\/\/swissmig.unine.ch\/index.php?rest_route=%2Fwp%2Fv2%2Fcomments&post=33400"}],"version-history":[{"count":0,"href":"https:\/\/swissmig.unine.ch\/index.php?rest_route=\/wp\/v2\/posts\/33400\/revisions"}],"wp:attachment":[{"href":"https:\/\/swissmig.unine.ch\/index.php?rest_route=%2Fwp%2Fv2%2Fmedia&parent=33400"}],"wp:term":[{"taxonomy":"category","embeddable":true,"href":"https:\/\/swissmig.unine.ch\/index.php?rest_route=%2Fwp%2Fv2%2Fcategories&post=33400"},{"taxonomy":"post_tag","embeddable":true,"href":"https:\/\/swissmig.unine.ch\/index.php?rest_route=%2Fwp%2Fv2%2Ftags&post=33400"}],"curies":[{"name":"wp","href":"https:\/\/api.w.org\/{rel}","templated":true}]}}