{"id":334,"date":"2017-08-25T15:21:36","date_gmt":"2017-08-25T14:21:36","guid":{"rendered":"https:\/\/swissmig.wordpress.com\/?p=334"},"modified":"2017-08-25T15:21:36","modified_gmt":"2017-08-25T14:21:36","slug":"les-ambivalences-de-la-mobilite-a-lechelle-europeenne","status":"publish","type":"post","link":"https:\/\/swissmig.unine.ch\/?p=334","title":{"rendered":"Les ambivalences de la mobilit\u00e9 \u00e0 l\u2019\u00e9chelle europ\u00e9enne"},"content":{"rendered":"<h3>Author(s) : Vincent Kaufmann, Ander Audikana<\/h3>\n<h3>Source : <a href=\"https:\/\/www.domainepublic.ch\/articles\/31499\" target=\"_blank\" rel=\"noopener\">https:\/\/www.domainepublic.ch\/articles\/31499<\/a><\/h3>\n<p><strong>Abstract: <\/strong><!--more--><\/p>\n<div class=\"panel-pane pane-content-field pane-field-abstract\">\n<div class=\"pane-content\">\n<div class=\"field field-type-text field-field-abstract\">\n<div class=\"field-items\">\n<div class=\"field-item odd\">\n<p>Le 9 f\u00e9vrier 2014, les citoyens suisses ont dit <i>\u00abnon\u00bb<\/i> \u00e0 plus de mobilit\u00e9 en acceptant l\u2019initiative <i>\u00abcontre l\u2019immigration de masse\u00bb<\/i>. Le m\u00eame jour pourtant, ces m\u00eames citoyens ont dit <i>\u00aboui\u00bb<\/i> \u00e0 plus de mobilit\u00e9 en pl\u00e9biscitant le Fonds pour le financement et l\u2019am\u00e9nagement de l\u2019infrastructure ferroviaire (FAIF). Ces r\u00e9sultats soul\u00e8vent, dans toute leur complexit\u00e9, les paradoxes de la mobilit\u00e9. Certaines formes de mobilit\u00e9 sont per\u00e7ues comme des menaces, tandis que d\u2019autres apparaissent comme le s\u00e9same de la libert\u00e9.<\/p>\n<\/div>\n<\/div>\n<\/div>\n<\/div>\n<\/div>\n<p>&nbsp;<\/p>\n<div><\/div>\n<p>&nbsp;<\/p>\n","protected":false},"excerpt":{"rendered":"<p>Author(s) : Vincent Kaufmann, Ander Audikana Source : https:\/\/www.domainepublic.ch\/articles\/31499 Abstract:<\/p>\n","protected":false},"author":4,"featured_media":0,"comment_status":"open","ping_status":"open","sticky":false,"template":"","format":"standard","meta":{"_kadence_starter_templates_imported_post":false,"_kad_post_transparent":"","_kad_post_title":"","_kad_post_layout":"","_kad_post_sidebar_id":"","_kad_post_content_style":"","_kad_post_vertical_padding":"","_kad_post_feature":"","_kad_post_feature_position":"","_kad_post_header":false,"_kad_post_footer":false,"_kad_post_classname":"","jetpack_post_was_ever_published":false,"_jetpack_newsletter_access":"","_jetpack_dont_email_post_to_subs":false,"_jetpack_newsletter_tier_id":0,"_jetpack_memberships_contains_paywalled_content":false,"_jetpack_memberships_contains_paid_content":false,"footnotes":""},"categories":[109],"tags":[48,49,86,106,58,27,107,52,108,110,96],"class_list":["post-334","post","type-post","status-publish","format-standard","hentry","category-human-geography","tag-48","tag-asylum-policy","tag-book-review","tag-border-controls","tag-europe","tag-european-union","tag-freedom-of-movement","tag-french-language","tag-geography","tag-mobility","tag-voting-behaviour"],"jetpack_featured_media_url":"","jetpack_sharing_enabled":true,"_links":{"self":[{"href":"https:\/\/swissmig.unine.ch\/index.php?rest_route=\/wp\/v2\/posts\/334","targetHints":{"allow":["GET"]}}],"collection":[{"href":"https:\/\/swissmig.unine.ch\/index.php?rest_route=\/wp\/v2\/posts"}],"about":[{"href":"https:\/\/swissmig.unine.ch\/index.php?rest_route=\/wp\/v2\/types\/post"}],"author":[{"embeddable":true,"href":"https:\/\/swissmig.unine.ch\/index.php?rest_route=\/wp\/v2\/users\/4"}],"replies":[{"embeddable":true,"href":"https:\/\/swissmig.unine.ch\/index.php?rest_route=%2Fwp%2Fv2%2Fcomments&post=334"}],"version-history":[{"count":0,"href":"https:\/\/swissmig.unine.ch\/index.php?rest_route=\/wp\/v2\/posts\/334\/revisions"}],"wp:attachment":[{"href":"https:\/\/swissmig.unine.ch\/index.php?rest_route=%2Fwp%2Fv2%2Fmedia&parent=334"}],"wp:term":[{"taxonomy":"category","embeddable":true,"href":"https:\/\/swissmig.unine.ch\/index.php?rest_route=%2Fwp%2Fv2%2Fcategories&post=334"},{"taxonomy":"post_tag","embeddable":true,"href":"https:\/\/swissmig.unine.ch\/index.php?rest_route=%2Fwp%2Fv2%2Ftags&post=334"}],"curies":[{"name":"wp","href":"https:\/\/api.w.org\/{rel}","templated":true}]}}