{"id":33397,"date":"2021-02-22T08:00:00","date_gmt":"2021-02-22T07:00:00","guid":{"rendered":"https:\/\/swissmig.wordpress.com\/?p=33397"},"modified":"2021-02-22T08:00:00","modified_gmt":"2021-02-22T07:00:00","slug":"refugie%c2%b7es-et-montagne-preface","status":"publish","type":"post","link":"https:\/\/swissmig.unine.ch\/?p=33397","title":{"rendered":"R\u00e9fugi\u00e9\u00b7es et montagne : pr\u00e9face"},"content":{"rendered":"<h3>Author(s) : Cristina Del Biaggio, Leila Giannetto, Camille No\u00fbs<\/h3>\n<h3>Source : <a href=\"https:\/\/doi.org\/10.4000\/rga.7252\" target=\"_blank\" rel=\"noopener\">https:\/\/doi.org\/10.4000\/rga.7252<\/a><\/h3>\n<p><!--more--><\/p>\n<blockquote>\n<div class=\"hlFld-Abstract\">\n<div class=\"abstractSection abstractInFull\">&#8220;Le \u00ab point de vue \u00bb de Francesco Pastorelli, directeur de CIPRA Italie, a \u00e9t\u00e9 publi\u00e9 dans le magazine alpMedia en mars 2018 : \u00ab Pendant que les r\u00e9gions alpines travaillent \u00e0 unifier les Alpes dans le cadre de la Strat\u00e9gie de l\u2019Union europ\u00e9enne pour la r\u00e9gion alpine (SUERA), les \u00c9tats ferment leurs fronti\u00e8res. O\u00f9 est rest\u00e9 l\u2019esprit solidaire de l\u2019Union europ\u00e9enne ? Pouvons-nous continuer \u00e0 travailler sur l\u2019environnement, le paysage, le trafic et le tourisme dans le cadre de la Convention alpine pendant que des personnes risquent leur vie dans le froid et la neige des cols alpins apr\u00e8s avoir brav\u00e9 les dangers de la travers\u00e9e du d\u00e9sert et des mers ? Trouver des solutions aux probl\u00e8mes de l\u2019immigration n\u2019est pas simple, et il ne s\u2019agit pas ici de d\u00e9cider de la r\u00e9partition des r\u00e9fugi\u00e9s, de leur accueil ou de leur expulsion. Mais nous ne devons pas accepter que des gens qui fuient la guerre et la famine se heurtent \u00e0 des murs et \u00e0 des fils barbel\u00e9s dans les Alpes, dans cette Europe prosp\u00e8re, qu\u2019on ne les aide pas dans leur d\u00e9nuement et que ceux qui les aident soient menac\u00e9s de proc\u00e8s et de peines de prison. En m\u00eame temps, les petites communes des zones frontali\u00e8res ne doivent pas \u00eatre laiss\u00e9es seules face \u00e0 ce probl\u00e8me. \u00bb&#8221;<\/div>\n<\/div>\n<\/blockquote>\n","protected":false},"excerpt":{"rendered":"<p>Author(s) : Cristina Del Biaggio, Leila Giannetto, Camille No\u00fbs Source&#8230;<\/p>\n","protected":false},"author":4,"featured_media":0,"comment_status":"open","ping_status":"open","sticky":false,"template":"","format":"standard","meta":{"_kadence_starter_templates_imported_post":false,"_kad_post_transparent":"","_kad_post_title":"","_kad_post_layout":"","_kad_post_sidebar_id":"","_kad_post_content_style":"","_kad_post_vertical_padding":"","_kad_post_feature":"","_kad_post_feature_position":"","_kad_post_header":false,"_kad_post_footer":false,"_kad_post_classname":"","jetpack_post_was_ever_published":false,"_jetpack_newsletter_access":"","_jetpack_dont_email_post_to_subs":false,"_jetpack_newsletter_tier_id":0,"_jetpack_memberships_contains_paywalled_content":false,"_jetpack_memberships_contains_paid_content":false,"footnotes":""},"categories":[43],"tags":[654,7,49,106,27,328,197,52,133,253,104,138,458,110,90,103,25,323],"class_list":["post-33397","post","type-post","status-publish","format-standard","hentry","category-the-migration-phenomenon","tag-654","tag-article","tag-asylum-policy","tag-border-controls","tag-european-union","tag-expulsion","tag-france","tag-french-language","tag-immigrant-policy","tag-italy","tag-living-conditions","tag-migration-motives","tag-migration-routes","tag-mobility","tag-reception-policy","tag-refugees","tag-solidarity","tag-transit-migration"],"jetpack_featured_media_url":"","jetpack_sharing_enabled":true,"_links":{"self":[{"href":"https:\/\/swissmig.unine.ch\/index.php?rest_route=\/wp\/v2\/posts\/33397","targetHints":{"allow":["GET"]}}],"collection":[{"href":"https:\/\/swissmig.unine.ch\/index.php?rest_route=\/wp\/v2\/posts"}],"about":[{"href":"https:\/\/swissmig.unine.ch\/index.php?rest_route=\/wp\/v2\/types\/post"}],"author":[{"embeddable":true,"href":"https:\/\/swissmig.unine.ch\/index.php?rest_route=\/wp\/v2\/users\/4"}],"replies":[{"embeddable":true,"href":"https:\/\/swissmig.unine.ch\/index.php?rest_route=%2Fwp%2Fv2%2Fcomments&post=33397"}],"version-history":[{"count":0,"href":"https:\/\/swissmig.unine.ch\/index.php?rest_route=\/wp\/v2\/posts\/33397\/revisions"}],"wp:attachment":[{"href":"https:\/\/swissmig.unine.ch\/index.php?rest_route=%2Fwp%2Fv2%2Fmedia&parent=33397"}],"wp:term":[{"taxonomy":"category","embeddable":true,"href":"https:\/\/swissmig.unine.ch\/index.php?rest_route=%2Fwp%2Fv2%2Fcategories&post=33397"},{"taxonomy":"post_tag","embeddable":true,"href":"https:\/\/swissmig.unine.ch\/index.php?rest_route=%2Fwp%2Fv2%2Ftags&post=33397"}],"curies":[{"name":"wp","href":"https:\/\/api.w.org\/{rel}","templated":true}]}}