{"id":33385,"date":"2021-02-22T08:00:00","date_gmt":"2021-02-22T07:00:00","guid":{"rendered":"https:\/\/swissmig.wordpress.com\/?p=33385"},"modified":"2021-02-22T08:00:00","modified_gmt":"2021-02-22T07:00:00","slug":"trajectoires-dasile-africaines-determinants-des-migrations-dafrique-occidentale-vers-la-suisse","status":"publish","type":"post","link":"https:\/\/swissmig.unine.ch\/?p=33385","title":{"rendered":"Trajectoires d\u2019asile africaines: d\u00e9terminants des migrations d\u2019Afrique occidentale vers la Suisse"},"content":{"rendered":"<h3>Author(s) : Denise Efionayi-M\u00e4der, Jo\u00eblle Moret, Marco Pecoraro<\/h3>\n<h3>Source : <a href=\"https:\/\/libra.unine.ch\/handle\/123456789\/18062\" target=\"_blank\" rel=\"noopener\">https:\/\/libra.unine.ch\/handle\/123456789\/18062<\/a><\/h3>\n<p><!--more--><\/p>\n<blockquote>\n<div class=\"hlFld-Abstract\">\n<div class=\"abstractSection abstractInFull\">&#8220;Bien qu\u2019elle reste num\u00e9riquement modeste, la population concern\u00e9e par l\u2019asile originaire de l\u2019Afrique subsaharienne a connu une croissance r\u00e9cente en Suisse et suscit\u00e9 d\u2019importants d\u00e9bats. Force est cependant de constater que cette population et ses motifs de migration restent mal connus. Ce rapport fait partie d&#8217;une \u00e9tude mandat\u00e9e par l&#8217;Office f\u00e9d\u00e9ral des r\u00e9fugi\u00e9s en 2003. Il pr\u00e9sente une analyse des trajectoires de r\u00e9fugi\u00e9s et de migrants originaires d\u2019Afrique occidentale en \u00e9clairant les d\u00e9terminants de leur parcours depuis le d\u00e9part du pays d\u2019origine jusqu\u2019au s\u00e9jour en Suisse. L\u2019int\u00e9r\u00eat porte d\u2019une part sur les contraintes et les m\u00e9canismes inh\u00e9rents au processus migratoire et d\u2019autre part sur les strat\u00e9gies adopt\u00e9es par les migrants face aux politiques d\u2019asile et d\u2019immigration mises en oeuvre par la Suisse et les pays europ\u00e9ens. Une analyse quantitative de l\u2019effet des politiques sur les flux d&#8217;asile fait l\u2019objet d\u2019un deuxi\u00e8me rapport (38B: R\u00e9partition des demandes d\u2019asile en Europe et effet des politiques).&#8221;<\/div>\n<div><\/div>\n<div><strong>Keywords<\/strong>: asylum seekers, Africans, migration motives, migration routes, country of origin, SFM Studies, asylum policy<\/div>\n<\/div>\n<\/blockquote>\n","protected":false},"excerpt":{"rendered":"<p>Author(s) : Denise Efionayi-M\u00e4der, Jo\u00eblle Moret, Marco Pecoraro Source :&#8230;<\/p>\n","protected":false},"author":4,"featured_media":0,"comment_status":"open","ping_status":"open","sticky":false,"template":"","format":"standard","meta":{"_kadence_starter_templates_imported_post":false,"_kad_post_transparent":"","_kad_post_title":"","_kad_post_layout":"","_kad_post_sidebar_id":"","_kad_post_content_style":"","_kad_post_vertical_padding":"","_kad_post_feature":"","_kad_post_feature_position":"","_kad_post_header":false,"_kad_post_footer":false,"_kad_post_classname":"","jetpack_post_was_ever_published":false,"_jetpack_newsletter_access":"","_jetpack_dont_email_post_to_subs":false,"_jetpack_newsletter_tier_id":0,"_jetpack_memberships_contains_paywalled_content":false,"_jetpack_memberships_contains_paid_content":false,"footnotes":""},"categories":[43],"tags":[463,239,49,50,92,52,138,458,103,249,645],"class_list":["post-33385","post","type-post","status-publish","format-standard","hentry","category-the-migration-phenomenon","tag-463","tag-africans","tag-asylum-policy","tag-asylum-seekers","tag-country-of-origin","tag-french-language","tag-migration-motives","tag-migration-routes","tag-refugees","tag-report","tag-sfm-studies"],"jetpack_featured_media_url":"","jetpack_sharing_enabled":true,"_links":{"self":[{"href":"https:\/\/swissmig.unine.ch\/index.php?rest_route=\/wp\/v2\/posts\/33385","targetHints":{"allow":["GET"]}}],"collection":[{"href":"https:\/\/swissmig.unine.ch\/index.php?rest_route=\/wp\/v2\/posts"}],"about":[{"href":"https:\/\/swissmig.unine.ch\/index.php?rest_route=\/wp\/v2\/types\/post"}],"author":[{"embeddable":true,"href":"https:\/\/swissmig.unine.ch\/index.php?rest_route=\/wp\/v2\/users\/4"}],"replies":[{"embeddable":true,"href":"https:\/\/swissmig.unine.ch\/index.php?rest_route=%2Fwp%2Fv2%2Fcomments&post=33385"}],"version-history":[{"count":0,"href":"https:\/\/swissmig.unine.ch\/index.php?rest_route=\/wp\/v2\/posts\/33385\/revisions"}],"wp:attachment":[{"href":"https:\/\/swissmig.unine.ch\/index.php?rest_route=%2Fwp%2Fv2%2Fmedia&parent=33385"}],"wp:term":[{"taxonomy":"category","embeddable":true,"href":"https:\/\/swissmig.unine.ch\/index.php?rest_route=%2Fwp%2Fv2%2Fcategories&post=33385"},{"taxonomy":"post_tag","embeddable":true,"href":"https:\/\/swissmig.unine.ch\/index.php?rest_route=%2Fwp%2Fv2%2Ftags&post=33385"}],"curies":[{"name":"wp","href":"https:\/\/api.w.org\/{rel}","templated":true}]}}