{"id":3298,"date":"2019-12-09T09:00:18","date_gmt":"2019-12-09T08:00:18","guid":{"rendered":"https:\/\/swissmig.wordpress.com\/?p=3298"},"modified":"2019-12-09T09:00:18","modified_gmt":"2019-12-09T08:00:18","slug":"lopinion-publique-et-la-question-du-refuge","status":"publish","type":"post","link":"https:\/\/swissmig.unine.ch\/?p=3298","title":{"rendered":"L&#8217;opinion publique et la question du refuge"},"content":{"rendered":"<h3>Author(s) : Simon Roth<\/h3>\n<h3>Source : <a href=\"http:\/\/doc.rero.ch\/record\/21291\" target=\"_blank\" rel=\"noopener\">http:\/\/doc.rero.ch\/record\/21291<\/a><\/h3>\n<p><strong>Abstract: <\/strong><!--more--><\/p>\n<blockquote><p>&#8220;Peut-on analyser les r\u00e9actions de l\u2019opinion publique en Valais \u00e0 l\u2019\u00e9gard des r\u00e9fugi\u00e9s et de la politique f\u00e9d\u00e9rale en la mati\u00e8re ? M\u00eame si le concept lui-m\u00eame suscite un d\u00e9bat nourri, Andr\u00e9 Lasserre a bross\u00e9 un panorama national des divers courants d\u2019opinions qui travers\u00e8rent le pays durant ces ann\u00e9es sombres. Il demeure difficile toutefois de saisir une opinion publique en p\u00e9riode de guerre o\u00f9 circulent plus encore qu\u2019\u00e0 l\u2019accoutum\u00e9e rumeurs,anecdotes et propagande. Nous ne disposons pas du mat\u00e9riel foisonnant et d\u00e9licat accumul\u00e9 par exemple par les pr\u00e9fets de l\u2019Hexagone qui, comme en Haute-Savoie, furent les sismographes attentifs aux \u00e9volutions et soubresauts de l\u2019humeur de leur d\u00e9partement. Dans ce domaine, les indices sont \u00e9parpill\u00e9s; on les retrouve par exemple au d\u00e9tour d\u2019un sermon, d\u2019un rapport de police, comme l\u2019a montr\u00e9 D. Michielan, ou surtout d\u2019une presse cantonale beaucoup plus diversifi\u00e9e qu\u2019aujourd\u2019hui.&#8221;<\/p><\/blockquote>\n<p>&nbsp;<\/p>\n","protected":false},"excerpt":{"rendered":"<p>Author(s) : Simon Roth Source : http:\/\/doc.rero.ch\/record\/21291 Abstract:<\/p>\n","protected":false},"author":4,"featured_media":0,"comment_status":"open","ping_status":"open","sticky":false,"template":"","format":"standard","meta":{"_kadence_starter_templates_imported_post":false,"_kad_post_transparent":"","_kad_post_title":"","_kad_post_layout":"","_kad_post_sidebar_id":"","_kad_post_content_style":"","_kad_post_vertical_padding":"","_kad_post_feature":"","_kad_post_feature_position":"","_kad_post_header":false,"_kad_post_footer":false,"_kad_post_classname":"","jetpack_post_was_ever_published":false,"_jetpack_newsletter_access":"","_jetpack_dont_email_post_to_subs":false,"_jetpack_newsletter_tier_id":0,"_jetpack_memberships_contains_paywalled_content":false,"_jetpack_memberships_contains_paid_content":false,"footnotes":""},"categories":[35],"tags":[7,37,106,52,297,98,115,513,90,643,103,198,369],"class_list":["post-3298","post","type-post","status-publish","format-standard","hentry","category-history","tag-article","tag-attitudes-towards-migrants","tag-border-controls","tag-french-language","tag-humanitarian-assistance","tag-immigration-policy","tag-mass-media","tag-public-opinion-survey","tag-reception-policy","tag-refugee-status","tag-refugees","tag-second-world-war","tag-valais"],"jetpack_featured_media_url":"","jetpack_sharing_enabled":true,"_links":{"self":[{"href":"https:\/\/swissmig.unine.ch\/index.php?rest_route=\/wp\/v2\/posts\/3298","targetHints":{"allow":["GET"]}}],"collection":[{"href":"https:\/\/swissmig.unine.ch\/index.php?rest_route=\/wp\/v2\/posts"}],"about":[{"href":"https:\/\/swissmig.unine.ch\/index.php?rest_route=\/wp\/v2\/types\/post"}],"author":[{"embeddable":true,"href":"https:\/\/swissmig.unine.ch\/index.php?rest_route=\/wp\/v2\/users\/4"}],"replies":[{"embeddable":true,"href":"https:\/\/swissmig.unine.ch\/index.php?rest_route=%2Fwp%2Fv2%2Fcomments&post=3298"}],"version-history":[{"count":0,"href":"https:\/\/swissmig.unine.ch\/index.php?rest_route=\/wp\/v2\/posts\/3298\/revisions"}],"wp:attachment":[{"href":"https:\/\/swissmig.unine.ch\/index.php?rest_route=%2Fwp%2Fv2%2Fmedia&parent=3298"}],"wp:term":[{"taxonomy":"category","embeddable":true,"href":"https:\/\/swissmig.unine.ch\/index.php?rest_route=%2Fwp%2Fv2%2Fcategories&post=3298"},{"taxonomy":"post_tag","embeddable":true,"href":"https:\/\/swissmig.unine.ch\/index.php?rest_route=%2Fwp%2Fv2%2Ftags&post=3298"}],"curies":[{"name":"wp","href":"https:\/\/api.w.org\/{rel}","templated":true}]}}