{"id":3276,"date":"2019-12-02T09:00:35","date_gmt":"2019-12-02T08:00:35","guid":{"rendered":"https:\/\/swissmig.wordpress.com\/?p=3276"},"modified":"2019-12-02T09:00:35","modified_gmt":"2019-12-02T08:00:35","slug":"der-zugang-zu-bildung-fur-gefluchtete-personen-in-der-schweiz","status":"publish","type":"post","link":"https:\/\/swissmig.unine.ch\/?p=3276","title":{"rendered":"Der Zugang zu Bildung f\u00fcr gefl\u00fcchtete Personen in der Schweiz"},"content":{"rendered":"<h3>Author(s) : Stefanie Kurt<\/h3>\n<h3>Source : <a href=\"https:\/\/doi.org\/10.5771\/0034-1312-2019-2-220\" target=\"_blank\" rel=\"noopener\">https:\/\/doi.org\/10.5771\/0034-1312-2019-2-220<\/a><\/h3>\n<p style=\"text-align:justify;\"><strong>Abstract: <\/strong><!--more--><\/p>\n<blockquote>\n<p style=\"text-align:justify;\">Gefl\u00fcchtete Personen in der Schweiz treffen auf eine komplexe Situation, wenn es um dem Zugang zu Bildung geht. Dies hat mit Zusammenspiel zwischen die drei unterschiedlichen Rechtsbereichen Bildung, Asyl und Integration, sowie der f\u00f6deralen Ausgestaltung der Kompetenzen zu tun. Im folgenden Artikel wird die grundlegende rechtliche Situation dargestellt sowie die speziellen Bereiche der fr\u00fchen F\u00f6rderung, respektive die Angebote f\u00fcr Kinder im Vorschulalter (0 bi 4-J\u00e4hrige), der obligatorische Grundschulunterricht (4 bis 15-J\u00e4hrige), die nachobligatorische (Aus)Bildung (ab 16 Jahren) thematisiert. Schliesslich fasst der Artikel die wichtigsten Aspekte zusammen.<\/p>\n<\/blockquote>\n<p>&nbsp;<\/p>\n","protected":false},"excerpt":{"rendered":"<p>Author(s) : Stefanie Kurt Source : https:\/\/doi.org\/10.5771\/0034-1312-2019-2-220 Abstract:<\/p>\n","protected":false},"author":4,"featured_media":0,"comment_status":"open","ping_status":"open","sticky":false,"template":"","format":"standard","meta":{"_kadence_starter_templates_imported_post":false,"_kad_post_transparent":"","_kad_post_title":"","_kad_post_layout":"","_kad_post_sidebar_id":"","_kad_post_content_style":"","_kad_post_vertical_padding":"","_kad_post_feature":"","_kad_post_feature_position":"","_kad_post_header":false,"_kad_post_footer":false,"_kad_post_classname":"","jetpack_post_was_ever_published":false,"_jetpack_newsletter_access":"","_jetpack_dont_email_post_to_subs":false,"_jetpack_newsletter_tier_id":0,"_jetpack_memberships_contains_paywalled_content":false,"_jetpack_memberships_contains_paid_content":false,"footnotes":""},"categories":[53],"tags":[582,407,7,50,318,77,78,73,103,117],"class_list":["post-3276","post","type-post","status-publish","format-standard","hentry","category-law","tag-582","tag-access-to-education","tag-article","tag-asylum-seekers","tag-children","tag-education-policy","tag-educational-system","tag-german-language","tag-refugees","tag-school-integration"],"jetpack_featured_media_url":"","jetpack_sharing_enabled":true,"_links":{"self":[{"href":"https:\/\/swissmig.unine.ch\/index.php?rest_route=\/wp\/v2\/posts\/3276","targetHints":{"allow":["GET"]}}],"collection":[{"href":"https:\/\/swissmig.unine.ch\/index.php?rest_route=\/wp\/v2\/posts"}],"about":[{"href":"https:\/\/swissmig.unine.ch\/index.php?rest_route=\/wp\/v2\/types\/post"}],"author":[{"embeddable":true,"href":"https:\/\/swissmig.unine.ch\/index.php?rest_route=\/wp\/v2\/users\/4"}],"replies":[{"embeddable":true,"href":"https:\/\/swissmig.unine.ch\/index.php?rest_route=%2Fwp%2Fv2%2Fcomments&post=3276"}],"version-history":[{"count":0,"href":"https:\/\/swissmig.unine.ch\/index.php?rest_route=\/wp\/v2\/posts\/3276\/revisions"}],"wp:attachment":[{"href":"https:\/\/swissmig.unine.ch\/index.php?rest_route=%2Fwp%2Fv2%2Fmedia&parent=3276"}],"wp:term":[{"taxonomy":"category","embeddable":true,"href":"https:\/\/swissmig.unine.ch\/index.php?rest_route=%2Fwp%2Fv2%2Fcategories&post=3276"},{"taxonomy":"post_tag","embeddable":true,"href":"https:\/\/swissmig.unine.ch\/index.php?rest_route=%2Fwp%2Fv2%2Ftags&post=3276"}],"curies":[{"name":"wp","href":"https:\/\/api.w.org\/{rel}","templated":true}]}}