{"id":3259,"date":"2019-11-25T09:00:56","date_gmt":"2019-11-25T08:00:56","guid":{"rendered":"https:\/\/swissmig.wordpress.com\/?p=3259"},"modified":"2019-11-25T09:00:56","modified_gmt":"2019-11-25T08:00:56","slug":"migration-identite-et-recit-exploration-du-vecu-de-la-migration-a-travers-six-recits-de-vie-recoltes-lors-dun-atelier-decriture","status":"publish","type":"post","link":"https:\/\/swissmig.unine.ch\/?p=3259","title":{"rendered":"Migration,  identit\u00e9 et r\u00e9cit: exploration du v\u00e9cu de la migration \u00e0 travers six r\u00e9cits de vie r\u00e9colt\u00e9s lors d\u2019un atelier d\u2019\u00e9criture"},"content":{"rendered":"<h3>Author(s) : Milena Mayencourt<\/h3>\n<h3>Source : <a href=\"https:\/\/serval.unil.ch\/notice\/serval:BIB_S_25399\" target=\"_blank\" rel=\"noopener\">https:\/\/serval.unil.ch\/notice\/serval:BIB_S_25399<\/a><\/h3>\n<p><strong>Abstract: <\/strong><!--more--><\/p>\n<blockquote><p>&#8220;Le v\u00e9cu de la migration : un th\u00e8me d\u2019actualit\u00e9 \u00e0 la base de mon travail. En examinant la litt\u00e9rature dans le domaine de la migration et celle relative aux processus d\u2019int\u00e9gration et d\u2019acculturation, il appara\u00eet que les v\u00e9cus de migrants sont souvent d\u00e9peints au moyen de cat\u00e9gories g\u00e9n\u00e9ralisantes. L\u2019approche dans laquelle je me situe pour ce m\u00e9moire cherche au contraire \u00e0 mettre davantage en \u00e9vidence la trajectoire sp\u00e9cifique des individus ayant v\u00e9cu la migration et leur perception subjective de celle-ci. Dans ce type d\u2019approche, le r\u00f4le important du r\u00e9cit comme outil de reconstruction identitaire est soulign\u00e9. En effet, la migration marque une rupture dans la trajectoire d\u2019une personne et le r\u00e9cit permet de soutenir le travail de recherche de coh\u00e9rence et de continuit\u00e9 dans son histoire de vie. Comment \u00e0 la fois mieux comprendre le v\u00e9cu des personnes et soutenir ce travail de mise en coh\u00e9rence ? De cette question d\u00e9coule mon souci de mettre en place un dispositif pour permettre \u00e0 des personnes ayant une trajectoire migratoire de produire un r\u00e9cit sur leur parcours dans un travail collectif o\u00f9 le groupe joue un r\u00f4le de soutien dans l\u2019\u00e9laboration de leur histoire.&#8221;<\/p><\/blockquote>\n<p>&nbsp;<\/p>\n","protected":false},"excerpt":{"rendered":"<p>Author(s) : Milena Mayencourt Source : https:\/\/serval.unil.ch\/notice\/serval:BIB_S_25399 Abstract:<\/p>\n","protected":false},"author":4,"featured_media":0,"comment_status":"open","ping_status":"open","sticky":false,"template":"","format":"standard","meta":{"_kadence_starter_templates_imported_post":false,"_kad_post_transparent":"","_kad_post_title":"","_kad_post_layout":"","_kad_post_sidebar_id":"","_kad_post_content_style":"","_kad_post_vertical_padding":"","_kad_post_feature":"","_kad_post_feature_position":"","_kad_post_header":false,"_kad_post_footer":false,"_kad_post_classname":"","jetpack_post_was_ever_published":false,"_jetpack_newsletter_access":"","_jetpack_dont_email_post_to_subs":false,"_jetpack_newsletter_tier_id":0,"_jetpack_memberships_contains_paywalled_content":false,"_jetpack_memberships_contains_paid_content":false,"footnotes":""},"categories":[167],"tags":[48,37,8,151,120,430,52,154,319,138,394,347],"class_list":["post-3259","post","type-post","status-publish","format-standard","hentry","category-ethnicity-languages-religion-arts","tag-48","tag-attitudes-towards-migrants","tag-case-study","tag-cultural-identity","tag-data-analysis","tag-focus-group","tag-french-language","tag-interviews","tag-master-thesis","tag-migration-motives","tag-psychology","tag-testimonies"],"jetpack_featured_media_url":"","jetpack_sharing_enabled":true,"_links":{"self":[{"href":"https:\/\/swissmig.unine.ch\/index.php?rest_route=\/wp\/v2\/posts\/3259","targetHints":{"allow":["GET"]}}],"collection":[{"href":"https:\/\/swissmig.unine.ch\/index.php?rest_route=\/wp\/v2\/posts"}],"about":[{"href":"https:\/\/swissmig.unine.ch\/index.php?rest_route=\/wp\/v2\/types\/post"}],"author":[{"embeddable":true,"href":"https:\/\/swissmig.unine.ch\/index.php?rest_route=\/wp\/v2\/users\/4"}],"replies":[{"embeddable":true,"href":"https:\/\/swissmig.unine.ch\/index.php?rest_route=%2Fwp%2Fv2%2Fcomments&post=3259"}],"version-history":[{"count":0,"href":"https:\/\/swissmig.unine.ch\/index.php?rest_route=\/wp\/v2\/posts\/3259\/revisions"}],"wp:attachment":[{"href":"https:\/\/swissmig.unine.ch\/index.php?rest_route=%2Fwp%2Fv2%2Fmedia&parent=3259"}],"wp:term":[{"taxonomy":"category","embeddable":true,"href":"https:\/\/swissmig.unine.ch\/index.php?rest_route=%2Fwp%2Fv2%2Fcategories&post=3259"},{"taxonomy":"post_tag","embeddable":true,"href":"https:\/\/swissmig.unine.ch\/index.php?rest_route=%2Fwp%2Fv2%2Ftags&post=3259"}],"curies":[{"name":"wp","href":"https:\/\/api.w.org\/{rel}","templated":true}]}}