{"id":322,"date":"2017-08-23T11:04:26","date_gmt":"2017-08-23T10:04:26","guid":{"rendered":"https:\/\/swissmig.wordpress.com\/?p=322"},"modified":"2017-08-23T11:04:26","modified_gmt":"2017-08-23T10:04:26","slug":"politiques-dasile-et-trajectoires-sociales-des-refugies-une-exclusion-programmee-les-cas-de-la-suisse","status":"publish","type":"post","link":"https:\/\/swissmig.unine.ch\/?p=322","title":{"rendered":"Politiques d\u2019asile et trajectoires sociales des r\u00e9fugi\u00e9s : une exclusion programm\u00e9e: les cas de la Suisse"},"content":{"rendered":"<h3>Author(s) : Claudio Bolzman<\/h3>\n<h3>Source : <a href=\"https:\/\/www.erudit.org\/fr\/revues\/socsoc\/2001-v33-n2-socsoc730\/008315ar\/\" target=\"_blank\" rel=\"noopener\">https:\/\/www.erudit.org\/fr\/revues\/socsoc\/2001-v33-n2-socsoc730\/008315ar\/<\/a><\/h3>\n<p><strong>Abstract: <\/strong><!--more--><\/p>\n<p>\u00c0 partir du paradigme de l\u2019exclusion, \u00e9labor\u00e9 par des auteurs travaillant dans le domaine de la pauvret\u00e9\/pr\u00e9carit\u00e9, cet article s\u2019int\u00e9resse aux trajectoires sociales des requ\u00e9rants d\u2019asile.<\/p>\n<p>&nbsp;<\/p>\n<div><\/div>\n<p>&nbsp;<\/p>\n","protected":false},"excerpt":{"rendered":"<p>Author(s) : Claudio Bolzman Source : https:\/\/www.erudit.org\/fr\/revues\/socsoc\/2001-v33-n2-socsoc730\/008315ar\/ Abstract:<\/p>\n","protected":false},"author":4,"featured_media":0,"comment_status":"open","ping_status":"open","sticky":false,"template":"","format":"standard","meta":{"_kadence_starter_templates_imported_post":false,"_kad_post_transparent":"","_kad_post_title":"","_kad_post_layout":"","_kad_post_sidebar_id":"","_kad_post_content_style":"","_kad_post_vertical_padding":"","_kad_post_feature":"","_kad_post_feature_position":"","_kad_post_header":false,"_kad_post_footer":false,"_kad_post_classname":"","jetpack_post_was_ever_published":false,"_jetpack_newsletter_access":"","_jetpack_dont_email_post_to_subs":false,"_jetpack_newsletter_tier_id":0,"_jetpack_memberships_contains_paywalled_content":false,"_jetpack_memberships_contains_paid_content":false,"footnotes":""},"categories":[12],"tags":[101,7,49,50,52,102,103,91],"class_list":["post-322","post","type-post","status-publish","format-standard","hentry","category-politics","tag-101","tag-article","tag-asylum-policy","tag-asylum-seekers","tag-french-language","tag-poverty","tag-refugees","tag-social-integration"],"jetpack_featured_media_url":"","jetpack_sharing_enabled":true,"_links":{"self":[{"href":"https:\/\/swissmig.unine.ch\/index.php?rest_route=\/wp\/v2\/posts\/322","targetHints":{"allow":["GET"]}}],"collection":[{"href":"https:\/\/swissmig.unine.ch\/index.php?rest_route=\/wp\/v2\/posts"}],"about":[{"href":"https:\/\/swissmig.unine.ch\/index.php?rest_route=\/wp\/v2\/types\/post"}],"author":[{"embeddable":true,"href":"https:\/\/swissmig.unine.ch\/index.php?rest_route=\/wp\/v2\/users\/4"}],"replies":[{"embeddable":true,"href":"https:\/\/swissmig.unine.ch\/index.php?rest_route=%2Fwp%2Fv2%2Fcomments&post=322"}],"version-history":[{"count":0,"href":"https:\/\/swissmig.unine.ch\/index.php?rest_route=\/wp\/v2\/posts\/322\/revisions"}],"wp:attachment":[{"href":"https:\/\/swissmig.unine.ch\/index.php?rest_route=%2Fwp%2Fv2%2Fmedia&parent=322"}],"wp:term":[{"taxonomy":"category","embeddable":true,"href":"https:\/\/swissmig.unine.ch\/index.php?rest_route=%2Fwp%2Fv2%2Fcategories&post=322"},{"taxonomy":"post_tag","embeddable":true,"href":"https:\/\/swissmig.unine.ch\/index.php?rest_route=%2Fwp%2Fv2%2Ftags&post=322"}],"curies":[{"name":"wp","href":"https:\/\/api.w.org\/{rel}","templated":true}]}}