{"id":3186,"date":"2019-11-18T09:00:31","date_gmt":"2019-11-18T08:00:31","guid":{"rendered":"https:\/\/swissmig.wordpress.com\/?p=3186"},"modified":"2019-11-18T09:00:31","modified_gmt":"2019-11-18T08:00:31","slug":"facilitateurs-et-barrieres-pour-lacces-aux-soins-chez-les-requerants-dasile-du-canton-de-vaud-en-suisse-et-recommandations","status":"publish","type":"post","link":"https:\/\/swissmig.unine.ch\/?p=3186","title":{"rendered":"Facilitateurs et barri\u00e8res pour l\u2019acc\u00e8s aux soins chez les requ\u00e9rants d\u2019asile du canton de Vaud en Suisse et recommandations"},"content":{"rendered":"<h3>Author(s) : Fran\u00e7oise Maillefer, Emilie Bovet, Laure Jaton, Patrick Bodenmann, Fran\u00e7oise Ninane<\/h3>\n<h3>Source : <a href=\"https:\/\/doi.org\/10.3917\/rsi.137.0026\" target=\"_blank\" rel=\"noopener\">https:\/\/doi.org\/10.3917\/rsi.137.0026<\/a><\/h3>\n<p><strong>Abstract: <\/strong><!--more--><\/p>\n<blockquote>\n<div class=\"tete\">\n<div class=\"locale-name\" style=\"text-align:justify;\"><\/div>\n<\/div>\n<div class=\"corps\">\n<p style=\"text-align:justify;\"><strong>Introduction<\/strong>\u00a0: face \u00e0 un afflux exceptionnel de requ\u00e9rants d\u2019asile en Suisse en 2015, les soignants ont d\u00fb faire face \u00e0 de nouvelles probl\u00e9matiques.<br \/>\n<strong>Contexte<\/strong>\u00a0: il manque des travaux locaux ayant investigu\u00e9 parall\u00e8lement le v\u00e9cu des requ\u00e9rants d\u2019asile en lien avec le syst\u00e8me de sant\u00e9 et les perceptions des professionnels de sant\u00e9 en contact avec les requ\u00e9rants d\u2019asile. Objectifs\u00a0: avoir une meilleure compr\u00e9hension des besoins sp\u00e9cifiques des RA puis mettre en place des actions concr\u00e8tes afin d\u2019am\u00e9liorer l\u2019acc\u00e8s aux soins et augmenter l\u2019efficience de la prise en charge.<br \/>\n<strong>M\u00e9thode\u00a0<\/strong>: \u00e9tude qualitative comprenant des entretiens individuels et de groupe avec des requ\u00e9rants d\u2019asile et trois focus group avec des soignants et des interpr\u00e8tes.<br \/>\n<strong>R\u00e9sultats\u00a0<\/strong>: les r\u00e9sultats concernent l\u2019acc\u00e8s aux soins dans le pays d\u2019origine, les repr\u00e9sentations sur les conditions de vie en Suisse, les effets du parcours migratoire sur la sant\u00e9, les repr\u00e9sentations vis-\u00e0-vis de la psychiatrie et de la bonne sant\u00e9, la fr\u00e9quentation des urgences, les motifs des rendez-vous manqu\u00e9s, l\u2019aide par les pairs.<br \/>\n<strong>Discussion\u00a0<\/strong>: l\u2019information, la confiance, suffisamment de temps, sont les \u00e9l\u00e9ments-cl\u00e9 identifi\u00e9s pour cr\u00e9er un lien qui optimise l\u2019acc\u00e8s aux soins.<br \/>\n<strong>Conclusion\u00a0<\/strong>: la recherche a permis une meilleure compr\u00e9hension des besoins sp\u00e9cifiques. Des recommandations pour la pratique ont \u00e9t\u00e9 \u00e9mises.<\/p>\n<p><strong>Mots-cl\u00e9s<\/strong> : requ\u00e9rant d\u2019asile, soins de sant\u00e9, accessibilit\u00e9 des services de sant\u00e9, recherche qualitative, recommandations de bonne pratique<\/p>\n<\/div>\n<\/blockquote>\n<p>&nbsp;<\/p>\n","protected":false},"excerpt":{"rendered":"<p>Author(s) : Fran\u00e7oise Maillefer, Emilie Bovet, Laure Jaton, Patrick Bodenmann,&#8230;<\/p>\n","protected":false},"author":4,"featured_media":0,"comment_status":"open","ping_status":"open","sticky":false,"template":"","format":"standard","meta":{"_kadence_starter_templates_imported_post":false,"_kad_post_transparent":"","_kad_post_title":"","_kad_post_layout":"","_kad_post_sidebar_id":"","_kad_post_content_style":"","_kad_post_vertical_padding":"","_kad_post_feature":"","_kad_post_feature_position":"","_kad_post_header":false,"_kad_post_footer":false,"_kad_post_classname":"","jetpack_post_was_ever_published":false,"_jetpack_newsletter_access":"","_jetpack_dont_email_post_to_subs":false,"_jetpack_newsletter_tier_id":0,"_jetpack_memberships_contains_paywalled_content":false,"_jetpack_memberships_contains_paid_content":false,"footnotes":""},"categories":[59],"tags":[582,556,7,50,52,157,104,373,370],"class_list":["post-3186","post","type-post","status-publish","format-standard","hentry","category-health","tag-582","tag-access-to-health-care","tag-article","tag-asylum-seekers","tag-french-language","tag-health-care","tag-living-conditions","tag-qualitative-research","tag-vaud"],"jetpack_featured_media_url":"","jetpack_sharing_enabled":true,"_links":{"self":[{"href":"https:\/\/swissmig.unine.ch\/index.php?rest_route=\/wp\/v2\/posts\/3186","targetHints":{"allow":["GET"]}}],"collection":[{"href":"https:\/\/swissmig.unine.ch\/index.php?rest_route=\/wp\/v2\/posts"}],"about":[{"href":"https:\/\/swissmig.unine.ch\/index.php?rest_route=\/wp\/v2\/types\/post"}],"author":[{"embeddable":true,"href":"https:\/\/swissmig.unine.ch\/index.php?rest_route=\/wp\/v2\/users\/4"}],"replies":[{"embeddable":true,"href":"https:\/\/swissmig.unine.ch\/index.php?rest_route=%2Fwp%2Fv2%2Fcomments&post=3186"}],"version-history":[{"count":0,"href":"https:\/\/swissmig.unine.ch\/index.php?rest_route=\/wp\/v2\/posts\/3186\/revisions"}],"wp:attachment":[{"href":"https:\/\/swissmig.unine.ch\/index.php?rest_route=%2Fwp%2Fv2%2Fmedia&parent=3186"}],"wp:term":[{"taxonomy":"category","embeddable":true,"href":"https:\/\/swissmig.unine.ch\/index.php?rest_route=%2Fwp%2Fv2%2Fcategories&post=3186"},{"taxonomy":"post_tag","embeddable":true,"href":"https:\/\/swissmig.unine.ch\/index.php?rest_route=%2Fwp%2Fv2%2Ftags&post=3186"}],"curies":[{"name":"wp","href":"https:\/\/api.w.org\/{rel}","templated":true}]}}