{"id":3170,"date":"2019-12-02T09:00:49","date_gmt":"2019-12-02T08:00:49","guid":{"rendered":"https:\/\/swissmig.wordpress.com\/?p=3170"},"modified":"2019-12-02T09:00:49","modified_gmt":"2019-12-02T08:00:49","slug":"le-passage-de-lallemagne-vers-la-suisse","status":"publish","type":"post","link":"https:\/\/swissmig.unine.ch\/?p=3170","title":{"rendered":"Le passage de l\u2019Allemagne vers la Suisse"},"content":{"rendered":"<h3>Author(s) : Guido Koller<\/h3>\n<h3>Source : <a href=\"https:\/\/doi.org\/10.3917\/rhsho.210.0111\" target=\"_blank\" rel=\"noopener\">https:\/\/doi.org\/10.3917\/rhsho.210.0111<\/a><\/h3>\n<p><strong>Abstract: <\/strong><!--more--><\/p>\n<blockquote>\n<div class=\"tete\">\n<p id=\"pa3\" class=\"para\">&#8220;Petit \u00c9tat au c\u0153ur de l\u2019Europe, la Suisse a d\u00fb prendre position sur la prise de pouvoir des nationaux-socialistes en Allemagne, dont elle a aussit\u00f4t ressenti les effets, \u00e0 l\u2019instar des autres \u00c9tats limitrophes. La pers\u00e9cution des adversaires du r\u00e9gime hitl\u00e9rien, l\u2019exclusion des Juifs de l\u2019\u00e9conomie, de la culture et de l\u2019administration, la l\u00e9gislation antis\u00e9mite, le pillage et l\u2019expulsion cibl\u00e9s des Juifs, les pogroms, tout cela provoqua une augmentation permanente du nombre de r\u00e9fugi\u00e9s. Jusqu\u2019en 1938, la fronti\u00e8re suisse resta ouverte. Les probl\u00e8mes commenc\u00e8rent \u00e0 se poser avec les s\u00e9jours d\u2019assez longue dur\u00e9e. Pour avoir le droit de rester \u00e0 long terme, les \u00e9trangers avaient besoin d\u2019une autorisation d\u00e9livr\u00e9e par les cantons. Cela valait aussi pour les r\u00e9fugi\u00e9s. En accord avec la division de la Police \u00e0 Berne, les cantons leur \u00e9tablissaient des attestations de tol\u00e9rance \u2013 c\u2019est-\u00e0-dire uniquement pour un temps limit\u00e9 et moyennant caution. Pendant ce laps de temps, les r\u00e9fugi\u00e9s devaient organiser la suite de leur voyage. Bref, jusqu\u2019\u00e0 la Conf\u00e9rence d\u2019\u00c9vian, la Suisse se consid\u00e9ra comme un simple pays de transit pour les r\u00e9fugi\u00e9s.&#8221;<\/p>\n<p>&nbsp;<\/p>\n<\/div>\n<div class=\"corps\">\n<p style=\"text-align:justify;\">&#8220;Switzerland\u2019s refugee policies during the National Socialist era did not comply with international and humanitarian law. In 1938, at the request of Nazi Germany, Swiss authorities agreed to stamp the passports of German Jews separately in accordance with the Nuremberg Race Laws. With respect to Jewish refugees, Switzerland saw itself as a place of transit\u2014not as a country where Jews could be allowed to resettle. After the failure of the Evian Conference in 1938, Switzerland closed its border to refugees, as did other countries. For humanitarian reasons, however, many refugees continued to be admitted.&#8221;<\/p>\n<\/div>\n<\/blockquote>\n<p>&nbsp;<\/p>\n","protected":false},"excerpt":{"rendered":"<p>Author(s) : Guido Koller Source : https:\/\/doi.org\/10.3917\/rhsho.210.0111 Abstract:<\/p>\n","protected":false},"author":4,"featured_media":0,"comment_status":"open","ping_status":"open","sticky":false,"template":"","format":"standard","meta":{"_kadence_starter_templates_imported_post":false,"_kad_post_transparent":"","_kad_post_title":"","_kad_post_layout":"","_kad_post_sidebar_id":"","_kad_post_content_style":"","_kad_post_vertical_padding":"","_kad_post_feature":"","_kad_post_feature_position":"","_kad_post_header":false,"_kad_post_footer":false,"_kad_post_classname":"","jetpack_post_was_ever_published":false,"_jetpack_newsletter_access":"","_jetpack_dont_email_post_to_subs":false,"_jetpack_newsletter_tier_id":0,"_jetpack_memberships_contains_paywalled_content":false,"_jetpack_memberships_contains_paid_content":false,"footnotes":""},"categories":[35],"tags":[582,365,7,49,106,58,52,226,128,366,103,198,402,323],"class_list":["post-3170","post","type-post","status-publish","format-standard","hentry","category-history","tag-582","tag-anti-semitism","tag-article","tag-asylum-policy","tag-border-controls","tag-europe","tag-french-language","tag-germany","tag-human-rights","tag-jews","tag-refugees","tag-second-world-war","tag-temporary-admission","tag-transit-migration"],"jetpack_featured_media_url":"","jetpack_sharing_enabled":true,"_links":{"self":[{"href":"https:\/\/swissmig.unine.ch\/index.php?rest_route=\/wp\/v2\/posts\/3170","targetHints":{"allow":["GET"]}}],"collection":[{"href":"https:\/\/swissmig.unine.ch\/index.php?rest_route=\/wp\/v2\/posts"}],"about":[{"href":"https:\/\/swissmig.unine.ch\/index.php?rest_route=\/wp\/v2\/types\/post"}],"author":[{"embeddable":true,"href":"https:\/\/swissmig.unine.ch\/index.php?rest_route=\/wp\/v2\/users\/4"}],"replies":[{"embeddable":true,"href":"https:\/\/swissmig.unine.ch\/index.php?rest_route=%2Fwp%2Fv2%2Fcomments&post=3170"}],"version-history":[{"count":0,"href":"https:\/\/swissmig.unine.ch\/index.php?rest_route=\/wp\/v2\/posts\/3170\/revisions"}],"wp:attachment":[{"href":"https:\/\/swissmig.unine.ch\/index.php?rest_route=%2Fwp%2Fv2%2Fmedia&parent=3170"}],"wp:term":[{"taxonomy":"category","embeddable":true,"href":"https:\/\/swissmig.unine.ch\/index.php?rest_route=%2Fwp%2Fv2%2Fcategories&post=3170"},{"taxonomy":"post_tag","embeddable":true,"href":"https:\/\/swissmig.unine.ch\/index.php?rest_route=%2Fwp%2Fv2%2Ftags&post=3170"}],"curies":[{"name":"wp","href":"https:\/\/api.w.org\/{rel}","templated":true}]}}