{"id":31640,"date":"2021-02-08T08:00:00","date_gmt":"2021-02-08T07:00:00","guid":{"rendered":"https:\/\/swissmig.wordpress.com\/?p=31640"},"modified":"2021-02-08T08:00:00","modified_gmt":"2021-02-08T07:00:00","slug":"parcours-de-mineur%c2%b7e%c2%b7s-non-accompagne%c2%b7e%c2%b7s-sans-papiers-difficultes-rencontrees-et-strategies-de-survie-etude-de-cas-aupres-dun-centre-daccueil-de-jour-dans-une","status":"publish","type":"post","link":"https:\/\/swissmig.unine.ch\/?p=31640","title":{"rendered":"Parcours de mineur\u00b7e\u00b7s non accompagn\u00e9\u00b7e\u00b7s sans-papiers : difficult\u00e9s rencontr\u00e9es et strat\u00e9gies de survie: \u00c9tude de cas aupr\u00e8s d\u2019un centre d\u2019accueil de jour dans une ville suisse"},"content":{"rendered":"<h3>Author(s) : Margaux Romerio<\/h3>\n<h3>Source : <a href=\"https:\/\/libra.unine.ch\/handle\/123456789\/2393\" target=\"_blank\" rel=\"noopener\">https:\/\/libra.unine.ch\/handle\/123456789\/2393<\/a><\/h3>\n<p><strong>Abstract: <\/strong><!--more--><\/p>\n<blockquote>\n<div class=\"hlFld-Abstract\">\n<div class=\"abstractSection abstractInFull\">&#8220;En Suisse, l\u2019immigration est r\u00e9glement\u00e9e par la Loi sur l\u2019Asile (LAsi) et la Loi sur les \u00e9trangers (LEtr), deux textes de lois qui ont pour cons\u00e9quences de cat\u00e9goriser les personnes pr\u00e9sentes sur le territoire et produire de la clandestinit\u00e9. En effet, les personnes sans statut de s\u00e9jour l\u00e9gal, les sans-papiers, sont en dehors de la l\u00e9gislation et doivent trouver des strat\u00e9gies pour survivre dans un environnement qui ne leur est pas favorable. Parmi ces clandestin\u00b7e\u00b7s se trouvent des enfants, que la Suisse s\u2019est engag\u00e9e \u00e0 prot\u00e9ger sans discrimination li\u00e9e \u00e0 leur statut de s\u00e9jour, en signant et ratifiant la Convention des Nations Unies relative aux droits de l\u2019enfant (CDE). Ceci cr\u00e9\u00e9 alors des situations paradoxales que l\u2019on peut qualifier d\u2019ill\u00e9galit\u00e9 r\u00e9guli\u00e8re. Pourtant, il existe des mineur\u00b7e\u00b7s non accompagn\u00e9\u00b7e\u00b7s (MNA) sans-papiers qui ne re\u00e7oivent pas la protection n\u00e9cessaire qui leur est due. C\u2019est le cas notamment d\u2019un groupe de MNA sans-papiers qui fr\u00e9quente un centre d\u2019accueil de jour dans une ville suisse. En effet, par le biais d\u2019un travail de terrain qualitatif m\u00ealant observations et entretiens, cette modeste recherche montre que ces jeunes doivent lutter quotidiennement pour leur survie. N\u00e9anmoins, cette enqu\u00eate se concentre sur l\u2019agentivit\u00e9 du groupe cible et expose les diff\u00e9rentes strat\u00e9gies de survie \u2013 ou tactiques de d\u00e9brouillardise \u2013 adopt\u00e9es par les MNA sans-papiers pour survivre dans un environnement hostile. Par exemple, les \u00ab solutions \u00bb qui s\u2019offrent \u00e0 eux\u00b7elles sont des fr\u00e9quentations de lieux d\u2019urgence bas seuil, des tactiques de comportement au quotidien, une mobilisation de leur entourage lorsque c\u2019est possible, ou encore l\u2019enr\u00f4lement dans des activit\u00e9s illicites. Ces possibilit\u00e9s ne leur permettent pas de se d\u00e9velopper dans la dignit\u00e9, de sortir de leur parcours d\u2019errance et de construire des perspectives d\u2019avenir. De plus, leur situation les expose chaque jour \u00e0 de multiples risques physiques et psychologiques. Malgr\u00e9 tout, certaines villes europ\u00e9ennes ont d\u00e9velopp\u00e9 des actions, qui peuvent \u00eatre qualifi\u00e9es de bonnes pratiques, dans la prise en charge des MNA sans-papiers ; ce qui laisse une note d\u2019espoir pour l\u2019am\u00e9lioration de leur situation.&#8221;<\/div>\n<div><\/div>\n<div class=\"abstractSection abstractInFull\">\n<div id=\"articleAbstract\"><strong>Keywords<\/strong>: Mineurs non accompagn\u00e9s ; MNA\u00a0; sans-papiers\u00a0; clandestins\u00a0; enfants sans papiers\u00a0; statut de s\u00e9jour\u00a0; migration\u00a0; strat\u00e9gies de survie\u00a0; tactiques\u00a0; d\u00e9brouillardise de la rue\u00a0; agentivit\u00e9\u00a0; CDE\u00a0; LAsi\u00a0; LEtr\u00a0; Suisse\u00a0; bas seuil\u00a0; centre d\u2019accueil\u00a0; clandestinisation\u00a0; exil\u00a0; errance\u00a0; ill\u00e9galit\u00e9 r\u00e9guli\u00e8re\u00a0; pens\u00e9e d\u2019Etat\u00a0; mobilit\u00e9s multiples\u00a0; capital social\u00a0; activit\u00e9s illicites\u00a0; perspectives d\u2019avenir\u00a0; bonnes pratiques ; unaccompanied minors\u00a0; undocumented migrants\u00a0; illegal immigrants\u00a0; undocumented children\u00a0; residence status\u00a0; migration, survival strategies\u00a0; agency\u00a0; Switzerland\u00a0; exile\u00a0; wandering\u00a0; regular illegality\u00a0; multiple mobilities\u00a0; social capital\u00a0; illicit activities\u00a0; prospects for the future\u00a0; good practices<\/div>\n<\/div>\n<\/div>\n<\/blockquote>\n","protected":false},"excerpt":{"rendered":"<p>Author(s) : Margaux Romerio Source : https:\/\/libra.unine.ch\/handle\/123456789\/2393 Abstract:<\/p>\n","protected":false},"author":4,"featured_media":0,"comment_status":"open","ping_status":"open","sticky":false,"template":"","format":"standard","meta":{"_kadence_starter_templates_imported_post":false,"_kad_post_transparent":"","_kad_post_title":"","_kad_post_layout":"","_kad_post_sidebar_id":"","_kad_post_content_style":"","_kad_post_vertical_padding":"","_kad_post_feature":"","_kad_post_feature_position":"","_kad_post_header":false,"_kad_post_footer":false,"_kad_post_classname":"","jetpack_post_was_ever_published":false,"_jetpack_newsletter_access":"","_jetpack_dont_email_post_to_subs":false,"_jetpack_newsletter_tier_id":0,"_jetpack_memberships_contains_paywalled_content":false,"_jetpack_memberships_contains_paid_content":false,"footnotes":""},"categories":[24],"tags":[582,318,52,563,294,104,319,480,373,90,617,103,125,469,340,64,262],"class_list":["post-31640","post","type-post","status-publish","format-standard","hentry","category-society-family-racism","tag-582","tag-children","tag-french-language","tag-immigration-law","tag-irregular-migration","tag-living-conditions","tag-master-thesis","tag-public-health","tag-qualitative-research","tag-reception-policy","tag-refugee-centres","tag-refugees","tag-social-capital","tag-social-insecurity","tag-social-support","tag-unaccompanied-minors","tag-undocumented-immigrants"],"jetpack_featured_media_url":"","jetpack_sharing_enabled":true,"_links":{"self":[{"href":"https:\/\/swissmig.unine.ch\/index.php?rest_route=\/wp\/v2\/posts\/31640","targetHints":{"allow":["GET"]}}],"collection":[{"href":"https:\/\/swissmig.unine.ch\/index.php?rest_route=\/wp\/v2\/posts"}],"about":[{"href":"https:\/\/swissmig.unine.ch\/index.php?rest_route=\/wp\/v2\/types\/post"}],"author":[{"embeddable":true,"href":"https:\/\/swissmig.unine.ch\/index.php?rest_route=\/wp\/v2\/users\/4"}],"replies":[{"embeddable":true,"href":"https:\/\/swissmig.unine.ch\/index.php?rest_route=%2Fwp%2Fv2%2Fcomments&post=31640"}],"version-history":[{"count":0,"href":"https:\/\/swissmig.unine.ch\/index.php?rest_route=\/wp\/v2\/posts\/31640\/revisions"}],"wp:attachment":[{"href":"https:\/\/swissmig.unine.ch\/index.php?rest_route=%2Fwp%2Fv2%2Fmedia&parent=31640"}],"wp:term":[{"taxonomy":"category","embeddable":true,"href":"https:\/\/swissmig.unine.ch\/index.php?rest_route=%2Fwp%2Fv2%2Fcategories&post=31640"},{"taxonomy":"post_tag","embeddable":true,"href":"https:\/\/swissmig.unine.ch\/index.php?rest_route=%2Fwp%2Fv2%2Ftags&post=31640"}],"curies":[{"name":"wp","href":"https:\/\/api.w.org\/{rel}","templated":true}]}}