{"id":31638,"date":"2021-02-08T08:00:00","date_gmt":"2021-02-08T07:00:00","guid":{"rendered":"https:\/\/swissmig.wordpress.com\/?p=31638"},"modified":"2021-02-08T08:00:00","modified_gmt":"2021-02-08T07:00:00","slug":"panorama-gesellschaft-schweiz-2020-migration-integration-partizipation","status":"publish","type":"post","link":"https:\/\/swissmig.unine.ch\/?p=31638","title":{"rendered":"Panorama Gesellschaft Schweiz 2020. Migration &#8211; Integration &#8211; Partizipation"},"content":{"rendered":"<h3>Author(s) : J\u00fcrg Furrer, Denise Efionayi-M\u00e4der, Peter Farago, Marcel Heiniger, Tom Priester, Christian Suter<\/h3>\n<h3>Source : <a href=\"https:\/\/www.bfs.admin.ch\/bfsstatic\/dam\/assets\/13927579\/master\" target=\"_blank\" rel=\"noopener\">https:\/\/www.bfs.admin.ch\/bfsstatic\/dam\/assets\/13927579\/master<\/a><\/h3>\n<p><strong>Abstract: <\/strong><!--more--><\/p>\n<blockquote>\n<div class=\"hlFld-Abstract\">\n<div class=\"abstractSection abstractInFull\">&#8220;Mit der vorliegenden Publikation wird der seit dem Jahr 2000 alle vier Jahre ver\u00f6ffentlichte Sozialbericht unter neuem Namen, in neuer Form und mit einer neuen Tr\u00e4gerschaft weitergef\u00fchrt. Die vom Bundesamt f\u00fcr Statistik (BFS) und den Universit\u00e4ten Neuch\u00e2tel und Freiburg herausgegebene neue Reihe Panorama Gesellschaft Schweiz ist eine gemeinsame Initiative der \u00f6ffentli-chen Statistik und der sozialwissenschaftlichen Forschung an den Hochschulen. Sie bezweckt, wichtige Erkenntnisse zu ge-sellschaftspolitisch zentralen Themen und den grundlegenden Entwicklungstendenzen der Schweizer Gesellschaft einer inter-essierten \u00d6ffentlichkeit zug\u00e4nglich zu machen. Wie in den bisher ver\u00f6ffentlichten f\u00fcnf Sozialberichten (siehe z. B. Ehrler et al. 2016) sind die hier vorgelegten Analysen daten- und faktenbasiert : Sie st\u00fctzen sich auf zuverl\u00e4ssige Daten, und die Indikatoren beruhen auf repr\u00e4sentativen Erhebungen mit hohem Qualit\u00e4tsstandard. Gleichzeitig sind die Beitr\u00e4ge problem- und erkl\u00e4rungsbezogen : Fachpersonen pr\u00e4sentieren vertiefende Analysen von ausgew\u00e4hlten Entwicklungen zum Thema Migration und stellen Interpretationen und Erkl\u00e4rungen vor. Auch weitere Merkmale des fr\u00fcheren Sozialberichts wurden beibehalten \u2013 so etwa die disziplin\u00e4re Vielfalt (in der vorliegenden Publikation Beitr\u00e4ge aus der \u00d6konomie, Soziologie, Politik-wissenschaft, Demografie) oder die Mehrsprachigkeit (deutsch-, franz\u00f6sisch- und englischsprachige Ausgabe, welche die Debatte \u00f6ffnen und den Bericht internationalisieren).&#8221;<\/div>\n<\/div>\n<\/blockquote>\n","protected":false},"excerpt":{"rendered":"<p>Author(s) : J\u00fcrg Furrer, Denise Efionayi-M\u00e4der, Peter Farago, Marcel Heiniger,&#8230;<\/p>\n","protected":false},"author":4,"featured_media":0,"comment_status":"open","ping_status":"open","sticky":false,"template":"","format":"standard","meta":{"_kadence_starter_templates_imported_post":false,"_kad_post_transparent":"","_kad_post_title":"","_kad_post_layout":"","_kad_post_sidebar_id":"","_kad_post_content_style":"","_kad_post_vertical_padding":"","_kad_post_feature":"","_kad_post_feature_position":"","_kad_post_header":false,"_kad_post_footer":false,"_kad_post_classname":"","jetpack_post_was_ever_published":false,"_jetpack_newsletter_access":"","_jetpack_dont_email_post_to_subs":false,"_jetpack_newsletter_tier_id":0,"_jetpack_memberships_contains_paywalled_content":false,"_jetpack_memberships_contains_paid_content":false,"footnotes":""},"categories":[277],"tags":[654,70,57,120,191,176,73,375,18,122,66,123,330,249,46,91,308,422],"class_list":["post-31638","post","type-post","status-publish","format-standard","hentry","category-demography-statistics","tag-654","tag-citizenship","tag-comparative-analysis","tag-data-analysis","tag-demography","tag-economic-integration","tag-german-language","tag-internal-migration","tag-international-migration","tag-migrants","tag-migration","tag-political-participation","tag-politics","tag-report","tag-return-migration","tag-social-integration","tag-social-security","tag-sociology"],"jetpack_featured_media_url":"","jetpack_sharing_enabled":true,"_links":{"self":[{"href":"https:\/\/swissmig.unine.ch\/index.php?rest_route=\/wp\/v2\/posts\/31638","targetHints":{"allow":["GET"]}}],"collection":[{"href":"https:\/\/swissmig.unine.ch\/index.php?rest_route=\/wp\/v2\/posts"}],"about":[{"href":"https:\/\/swissmig.unine.ch\/index.php?rest_route=\/wp\/v2\/types\/post"}],"author":[{"embeddable":true,"href":"https:\/\/swissmig.unine.ch\/index.php?rest_route=\/wp\/v2\/users\/4"}],"replies":[{"embeddable":true,"href":"https:\/\/swissmig.unine.ch\/index.php?rest_route=%2Fwp%2Fv2%2Fcomments&post=31638"}],"version-history":[{"count":0,"href":"https:\/\/swissmig.unine.ch\/index.php?rest_route=\/wp\/v2\/posts\/31638\/revisions"}],"wp:attachment":[{"href":"https:\/\/swissmig.unine.ch\/index.php?rest_route=%2Fwp%2Fv2%2Fmedia&parent=31638"}],"wp:term":[{"taxonomy":"category","embeddable":true,"href":"https:\/\/swissmig.unine.ch\/index.php?rest_route=%2Fwp%2Fv2%2Fcategories&post=31638"},{"taxonomy":"post_tag","embeddable":true,"href":"https:\/\/swissmig.unine.ch\/index.php?rest_route=%2Fwp%2Fv2%2Ftags&post=31638"}],"curies":[{"name":"wp","href":"https:\/\/api.w.org\/{rel}","templated":true}]}}