{"id":31633,"date":"2021-02-08T08:00:00","date_gmt":"2021-02-08T07:00:00","guid":{"rendered":"https:\/\/swissmig.wordpress.com\/?p=31633"},"modified":"2021-02-08T08:00:00","modified_gmt":"2021-02-08T07:00:00","slug":"panorama-de-la-societe-suisse-2020-migration-integration-participation","status":"publish","type":"post","link":"https:\/\/swissmig.unine.ch\/?p=31633","title":{"rendered":"Panorama de la soci\u00e9t\u00e9 suisse 2020. Migration &#8211; Int\u00e9gration &#8211; Participation"},"content":{"rendered":"<h3>Author(s) : J\u00fcrg Furrer, Denise Efionayi-M\u00e4der, Peter Farago, Marcel Heiniger, Tom Priester, Christian Suter<\/h3>\n<h3>Source : <a href=\"https:\/\/www.bfs.admin.ch\/bfsstatic\/dam\/assets\/13927580\/master\" target=\"_blank\" rel=\"noopener\">https:\/\/www.bfs.admin.ch\/bfsstatic\/dam\/assets\/13927580\/master<\/a><\/h3>\n<p><strong>Abstract: <\/strong><!--more--><\/p>\n<blockquote>\n<div class=\"hlFld-Abstract\">\n<div class=\"abstractSection abstractInFull\">&#8220;Le Panorama de la soci\u00e9t\u00e9 suisse est la continuation, sous une forme diff\u00e9rente et dans un cadre nouveau, du Rapport social qui para\u00eet tous les quatre ans depuis l\u2019an 2000. Cette nouvelle s\u00e9rie, publi\u00e9e par l\u2019Office f\u00e9d\u00e9ral de la statistique (OFS) et les universit\u00e9s de Neuch\u00e2tel et de Fribourg, est le fruit d\u2019une initiative commune de la statistique publique et de la recherche sociale universitaire. Elle vise \u00e0 pr\u00e9senter au public int\u00e9ress\u00e9 les nouvelles connaissances acquises sur les grandes questions sociales et sur les \u00e9volutions fondamentales de la soci\u00e9t\u00e9 suisse.Comme les cinq rapports sociaux publi\u00e9s jusqu\u2019ici (voir p. ex. Ehrler et al. 2016), le Panorama de la soci\u00e9t\u00e9 suisse est bas\u00e9 sur des chiffres et sur des faits. Il s\u2019appuie sur des donn\u00e9es solides et sur des indicateurs, eux-m\u00eames fond\u00e9s sur des enqu\u00eates repr\u00e9sentatives r\u00e9alis\u00e9es selon des normes de qualit\u00e9 \u00e9lev\u00e9es. Chacune des \u00e9tudes qu\u2019on va lire porte sur un aspect particulier de la question des migrations. Des sp\u00e9cialistes y ana lysent les \u00e9volutions r\u00e9centes, proposent des interpr\u00e9tations et des explications. Plusieurs caract\u00e9ristiques des anciens rapports sociaux ont \u00e9t\u00e9 conserv\u00e9es \u2013 notamment l\u2019interdisciplinarit\u00e9 (on trouvera ici des contributions d\u2019\u00e9conomistes, de sociologues, de politologues, de d\u00e9mographes) et le plurilinguisme (le rapport est publi\u00e9 en allemand, en fran\u00e7ais et en anglais, afin d\u2019ouvrir et d\u2019internationaliser le d\u00e9bat).&#8221;<\/div>\n<\/div>\n<\/blockquote>\n","protected":false},"excerpt":{"rendered":"<p>Author(s) : J\u00fcrg Furrer, Denise Efionayi-M\u00e4der, Peter Farago, Marcel Heiniger,&#8230;<\/p>\n","protected":false},"author":4,"featured_media":0,"comment_status":"open","ping_status":"open","sticky":false,"template":"","format":"standard","meta":{"_kadence_starter_templates_imported_post":false,"_kad_post_transparent":"","_kad_post_title":"","_kad_post_layout":"","_kad_post_sidebar_id":"","_kad_post_content_style":"","_kad_post_vertical_padding":"","_kad_post_feature":"","_kad_post_feature_position":"","_kad_post_header":false,"_kad_post_footer":false,"_kad_post_classname":"","jetpack_post_was_ever_published":false,"_jetpack_newsletter_access":"","_jetpack_dont_email_post_to_subs":false,"_jetpack_newsletter_tier_id":0,"_jetpack_memberships_contains_paywalled_content":false,"_jetpack_memberships_contains_paid_content":false,"footnotes":""},"categories":[277],"tags":[654,70,57,120,191,176,52,375,18,122,66,123,330,249,46,91,308,422],"class_list":["post-31633","post","type-post","status-publish","format-standard","hentry","category-demography-statistics","tag-654","tag-citizenship","tag-comparative-analysis","tag-data-analysis","tag-demography","tag-economic-integration","tag-french-language","tag-internal-migration","tag-international-migration","tag-migrants","tag-migration","tag-political-participation","tag-politics","tag-report","tag-return-migration","tag-social-integration","tag-social-security","tag-sociology"],"jetpack_featured_media_url":"","jetpack_sharing_enabled":true,"_links":{"self":[{"href":"https:\/\/swissmig.unine.ch\/index.php?rest_route=\/wp\/v2\/posts\/31633","targetHints":{"allow":["GET"]}}],"collection":[{"href":"https:\/\/swissmig.unine.ch\/index.php?rest_route=\/wp\/v2\/posts"}],"about":[{"href":"https:\/\/swissmig.unine.ch\/index.php?rest_route=\/wp\/v2\/types\/post"}],"author":[{"embeddable":true,"href":"https:\/\/swissmig.unine.ch\/index.php?rest_route=\/wp\/v2\/users\/4"}],"replies":[{"embeddable":true,"href":"https:\/\/swissmig.unine.ch\/index.php?rest_route=%2Fwp%2Fv2%2Fcomments&post=31633"}],"version-history":[{"count":0,"href":"https:\/\/swissmig.unine.ch\/index.php?rest_route=\/wp\/v2\/posts\/31633\/revisions"}],"wp:attachment":[{"href":"https:\/\/swissmig.unine.ch\/index.php?rest_route=%2Fwp%2Fv2%2Fmedia&parent=31633"}],"wp:term":[{"taxonomy":"category","embeddable":true,"href":"https:\/\/swissmig.unine.ch\/index.php?rest_route=%2Fwp%2Fv2%2Fcategories&post=31633"},{"taxonomy":"post_tag","embeddable":true,"href":"https:\/\/swissmig.unine.ch\/index.php?rest_route=%2Fwp%2Fv2%2Ftags&post=31633"}],"curies":[{"name":"wp","href":"https:\/\/api.w.org\/{rel}","templated":true}]}}