{"id":3159,"date":"2019-11-11T09:00:37","date_gmt":"2019-11-11T08:00:37","guid":{"rendered":"https:\/\/swissmig.wordpress.com\/?p=3159"},"modified":"2019-11-11T09:00:37","modified_gmt":"2019-11-11T08:00:37","slug":"comment-participer-et-faciliter-les-processus-dintegration-y-compris-economique-des-migrants-etythreens-en-suisse-romande","status":"publish","type":"post","link":"https:\/\/swissmig.unine.ch\/?p=3159","title":{"rendered":"Comment participer et faciliter les processus d&#8217;int\u00e9gration, y compris \u00e9conomique, des migrants \u00e9tythr\u00e9ens en Suisse romande"},"content":{"rendered":"<h3>Author(s) : Houda Elos<\/h3>\n<h3>Source : <a href=\"https:\/\/doc.rero.ch\/record\/258089\">https:\/\/doc.rero.ch\/record\/258089<\/a><\/h3>\n<p><strong>Abstract: <\/strong><!--more--><\/p>\n<blockquote>\n<div>\n<p>&#8220;\u00ab L\u2019asile n\u2019est pas une histoire de statistiques ou de dossiers, c\u2019est toujours l\u2019histoire de quelqu\u2019un \u00bb. Patrick Chappatte. Quel que soit le pays, le sujet de l\u2019asile est toujours un sujet \u00e9pineux et la Suisse ne d\u00e9roge pas \u00e0 la r\u00e8gle. Notre pays est connu pour le respect qu\u2019il porte aux droits de l\u2019homme ainsi que l\u2019accueil qu\u2019il r\u00e9serve aux migrants. C\u2019est dans ce contexte que depuis plusieurs ann\u00e9es des milliers de clandestins ach\u00e8vent leur p\u00e9riple en Suisse. Le peuple \u00e9rythr\u00e9en qui subit des r\u00e9pressions dans son pays d\u2019origine est pouss\u00e9 \u00e0 l\u2019exode. Ces \u00e9rythr\u00e9ens parcourent des milliers de kilom\u00e8tres pour arriver finalement en Suisse o\u00f9 ils trouvent un lieu pour s\u2019\u00e9tablir, sans avoir \u00e0 craindre pour leur vie. Le nombre toujours croissant de migrants \u00e9rythr\u00e9ens ainsi que les r\u00e9cents \u00e9v\u00e9nements li\u00e9s \u00e0 la communaut\u00e9, d\u00e9montrent un r\u00e9el besoin de s\u2019attarder sur cette diaspora discr\u00e8te et encore m\u00e9connue.&#8221;<\/p>\n<\/div>\n<\/blockquote>\n","protected":false},"excerpt":{"rendered":"<p>Author(s) : Houda Elos Source : https:\/\/doc.rero.ch\/record\/258089 Abstract:<\/p>\n","protected":false},"author":4,"featured_media":0,"comment_status":"open","ping_status":"open","sticky":false,"template":"","format":"standard","meta":{"_kadence_starter_templates_imported_post":false,"_kad_post_transparent":"","_kad_post_title":"","_kad_post_layout":"","_kad_post_sidebar_id":"","_kad_post_content_style":"","_kad_post_vertical_padding":"","_kad_post_feature":"","_kad_post_feature_position":"","_kad_post_header":false,"_kad_post_footer":false,"_kad_post_classname":"","jetpack_post_was_ever_published":false,"_jetpack_newsletter_access":"","_jetpack_dont_email_post_to_subs":false,"_jetpack_newsletter_tier_id":0,"_jetpack_memberships_contains_paywalled_content":false,"_jetpack_memberships_contains_paid_content":false,"footnotes":""},"categories":[24],"tags":[141,49,50,292,136,176,527,121,52,90,91],"class_list":["post-3159","post","type-post","status-publish","format-standard","hentry","category-society-family-racism","tag-141","tag-asylum-policy","tag-asylum-seekers","tag-bachelor-thesis","tag-diasporas","tag-economic-integration","tag-eritreans","tag-ethnic-minorities","tag-french-language","tag-reception-policy","tag-social-integration"],"jetpack_featured_media_url":"","jetpack_sharing_enabled":true,"_links":{"self":[{"href":"https:\/\/swissmig.unine.ch\/index.php?rest_route=\/wp\/v2\/posts\/3159","targetHints":{"allow":["GET"]}}],"collection":[{"href":"https:\/\/swissmig.unine.ch\/index.php?rest_route=\/wp\/v2\/posts"}],"about":[{"href":"https:\/\/swissmig.unine.ch\/index.php?rest_route=\/wp\/v2\/types\/post"}],"author":[{"embeddable":true,"href":"https:\/\/swissmig.unine.ch\/index.php?rest_route=\/wp\/v2\/users\/4"}],"replies":[{"embeddable":true,"href":"https:\/\/swissmig.unine.ch\/index.php?rest_route=%2Fwp%2Fv2%2Fcomments&post=3159"}],"version-history":[{"count":0,"href":"https:\/\/swissmig.unine.ch\/index.php?rest_route=\/wp\/v2\/posts\/3159\/revisions"}],"wp:attachment":[{"href":"https:\/\/swissmig.unine.ch\/index.php?rest_route=%2Fwp%2Fv2%2Fmedia&parent=3159"}],"wp:term":[{"taxonomy":"category","embeddable":true,"href":"https:\/\/swissmig.unine.ch\/index.php?rest_route=%2Fwp%2Fv2%2Fcategories&post=3159"},{"taxonomy":"post_tag","embeddable":true,"href":"https:\/\/swissmig.unine.ch\/index.php?rest_route=%2Fwp%2Fv2%2Ftags&post=3159"}],"curies":[{"name":"wp","href":"https:\/\/api.w.org\/{rel}","templated":true}]}}