{"id":3150,"date":"2019-11-11T09:00:49","date_gmt":"2019-11-11T08:00:49","guid":{"rendered":"https:\/\/swissmig.wordpress.com\/?p=3150"},"modified":"2019-11-11T09:00:49","modified_gmt":"2019-11-11T08:00:49","slug":"comparaison-nest-pas-raison-sans-epistemologie-comparer-pour-mieux-comprendre-lexpulsion-des-etrangers-en-france-en-suisse-et-en-turquie-comparison-requires-epistemology-compari","status":"publish","type":"post","link":"https:\/\/swissmig.unine.ch\/?p=3150","title":{"rendered":"Comparaison n\u2019est pas raison sans \u00e9pist\u00e9mologie. Comparer pour mieux comprendre l\u2019expulsion des \u00e9trangers en France, en Suisse et en Turquie \/ Comparison requires epistemology. Comparing to better understand the deportation of foreigners in France, Switzerland and Turkey"},"content":{"rendered":"<h3>Author(s) : Ibrahim Soys\u00fcren<\/h3>\n<h3>Source : <a href=\"https:\/\/journals.openedition.org\/sociologies\/12296\">https:\/\/journals.openedition.org\/sociologies\/12296<\/a><\/h3>\n<p><strong>Abstract: <\/strong><!--more--><\/p>\n<blockquote>\n<div>\n<p class=\"resume\">&#8220;L\u2019expulsion des \u00e9trangers n\u2019a attir\u00e9 l\u2019attention des chercheurs que r\u00e9cemment et elle a rarement fait l\u2019objet de recherches mobilisant la comparaison internationale. Sur la base d\u2019une \u00e9tude qui a compar\u00e9 l\u2019expulsion des \u00e9trangers en France, en Suisse et en Turquie, cet article interroge la place de l\u2019\u00e9pist\u00e9mologie dans la conception et la r\u00e9alisation de recherches comparatives et montre que la comparaison n\u2019est pas seulement une d\u00e9marche ou un outil m\u00e9thodologique. En outre, il explique qu\u2019une vigilance \u00e9pist\u00e9mologique continue permet de surmonter les difficult\u00e9s qu\u2019il y a \u00e0 mettre en place une recherche comparative, \u00e0 la mener \u00e0 bien et \u00e0 restituer ses donn\u00e9es. Cette vigilance peut \u00eatre d\u00e9finie comme l\u2019effort constant qui d\u00e9coule d\u2019un m\u00e9ta-regard critique du chercheur sur lui-m\u00eame, sur les choix qu\u2019il op\u00e8re, sur les donn\u00e9es qu\u2019il recueille ainsi que sur les contextes ou les conditions qui lui sont impos\u00e9s. Tout en montrant l\u2019importance de l\u2019\u00e9pist\u00e9mologie dans la comparaison, l\u2019article expose les enjeux et l\u2019utilit\u00e9 de la vigilance \u00e9pist\u00e9mologique.&#8221;<\/p>\n<p><strong>Mots cl\u00e9s<\/strong> : expulsion, \u00e9trangers, \u00e9pist\u00e9mologie, comparaison internationale, France, Suisse, Turquie<\/p>\n<p>&#8220;<span lang=\"en\" xml:lang=\"en\">The deportation of foreigners has only recently been studied in detail by an increasing number of and it has however rarely been the subject of research mobilizing international comparison. On the basis of a comparative study on the deportation of foreigners in France, Switzerland and Turkey, this article questions the place of epistemology in the design and the implementation of comparative research and shows that comparison is not only a methodological approach or tool. In addition, it explains that continued epistemological vigilance allows to overcome difficulties of setting up comparative research, carrying it out and reporting its data. This vigilance can be defined as the constant effort stemming from a critical meta-gaze on the researcher himself, on the choices he makes, on the data he collects as well as on the contexts or conditions imposed on him. While showing the importance of epistemology in the comparison, the article explains issues related to epistemological vigilance and its usefulness.&#8221;<\/span><\/p>\n<p><strong>Keywords: <\/strong>deportation, foreigners, epistemology, international comparison, France, Switzerland, Turkey<\/p>\n<\/div>\n<\/blockquote>\n","protected":false},"excerpt":{"rendered":"<p>Author(s) : Ibrahim Soys\u00fcren Source : https:\/\/journals.openedition.org\/sociologies\/12296 Abstract:<\/p>\n","protected":false},"author":4,"featured_media":0,"comment_status":"open","ping_status":"open","sticky":false,"template":"","format":"standard","meta":{"_kadence_starter_templates_imported_post":false,"_kad_post_transparent":"","_kad_post_title":"","_kad_post_layout":"","_kad_post_sidebar_id":"","_kad_post_content_style":"","_kad_post_vertical_padding":"","_kad_post_feature":"","_kad_post_feature_position":"","_kad_post_header":false,"_kad_post_footer":false,"_kad_post_classname":"","jetpack_post_was_ever_published":false,"_jetpack_newsletter_access":"","_jetpack_dont_email_post_to_subs":false,"_jetpack_newsletter_tier_id":0,"_jetpack_memberships_contains_paywalled_content":false,"_jetpack_memberships_contains_paid_content":false,"footnotes":""},"categories":[12],"tags":[582,7,57,576,163,328,28,197,52,98,325,422,195],"class_list":["post-3150","post","type-post","status-publish","format-standard","hentry","category-politics","tag-582","tag-article","tag-comparative-analysis","tag-custody-pending-deportation","tag-deportation","tag-expulsion","tag-foreigners","tag-france","tag-french-language","tag-immigration-policy","tag-methodology","tag-sociology","tag-turkey"],"jetpack_featured_media_url":"","jetpack_sharing_enabled":true,"_links":{"self":[{"href":"https:\/\/swissmig.unine.ch\/index.php?rest_route=\/wp\/v2\/posts\/3150","targetHints":{"allow":["GET"]}}],"collection":[{"href":"https:\/\/swissmig.unine.ch\/index.php?rest_route=\/wp\/v2\/posts"}],"about":[{"href":"https:\/\/swissmig.unine.ch\/index.php?rest_route=\/wp\/v2\/types\/post"}],"author":[{"embeddable":true,"href":"https:\/\/swissmig.unine.ch\/index.php?rest_route=\/wp\/v2\/users\/4"}],"replies":[{"embeddable":true,"href":"https:\/\/swissmig.unine.ch\/index.php?rest_route=%2Fwp%2Fv2%2Fcomments&post=3150"}],"version-history":[{"count":0,"href":"https:\/\/swissmig.unine.ch\/index.php?rest_route=\/wp\/v2\/posts\/3150\/revisions"}],"wp:attachment":[{"href":"https:\/\/swissmig.unine.ch\/index.php?rest_route=%2Fwp%2Fv2%2Fmedia&parent=3150"}],"wp:term":[{"taxonomy":"category","embeddable":true,"href":"https:\/\/swissmig.unine.ch\/index.php?rest_route=%2Fwp%2Fv2%2Fcategories&post=3150"},{"taxonomy":"post_tag","embeddable":true,"href":"https:\/\/swissmig.unine.ch\/index.php?rest_route=%2Fwp%2Fv2%2Ftags&post=3150"}],"curies":[{"name":"wp","href":"https:\/\/api.w.org\/{rel}","templated":true}]}}