{"id":3142,"date":"2019-11-04T09:00:22","date_gmt":"2019-11-04T08:00:22","guid":{"rendered":"https:\/\/swissmig.wordpress.com\/?p=3142"},"modified":"2019-11-04T09:00:22","modified_gmt":"2019-11-04T08:00:22","slug":"neue-medien-ethnische-und-ethno-religiose-minderheiten-im-migrationskontext-eine-empirische-studie-zur-nutzung-neuer-medien-durch-personen-mit-alevitischem-assyrischem-kurdischem-und-turkischem","status":"publish","type":"post","link":"https:\/\/swissmig.unine.ch\/?p=3142","title":{"rendered":"Neue Medien &#8211; ethnische und ethno-religi\u00f6se Minderheiten im Migrationskontext : eine empirische Studie zur Nutzung neuer Medien durch Personen mit alevitischem, assyrischem, kurdischem und t\u00fcrkischem Hintergrund in der Schweiz"},"content":{"rendered":"<h3>Author(s) : Mustafa Ideli<\/h3>\n<h3>Source : <a href=\"https:\/\/doi.org\/10.5167\/uzh-172936\">https:\/\/doi.org\/10.5167\/uzh-172936<\/a><\/h3>\n<p><strong>Abstract: <\/strong><!--more--><\/p>\n<blockquote>\n<div>\n<p>&#8220;Neue Medien &#8211; Ethnische und Ethno-Religi\u00f6se Minderheiten im Migrationskontext<br \/>\nParallel zur weltweit wachsenden Mobilit\u00e4t und Migration wird in den wissenschaftlichen Studien wie auch politisch-\u00f6ffentlichen Debatten zunehmend die Frage nach der Motivation, Art und Weise der Nutzung moderner Informations- und Kommunikationsmedien durch Menschen mit Migrationshintergrund sowie nach den daraus resultierenden Folgen f\u00fcr die Individuen als Nutzer einerseits und die ethnisch-kulturellen Gruppen in der Migration, die Herkunfts- und Residenzgesellschaften andererseits gestellt. Dabei stehen vorwiegend Fragen nach dem Stellenwert der Nutzung besagter Medien beim Aufbau transkultureller\/-nationaler Kommunikations-\/Interaktionsbeziehungen \u00fcber Nationalgrenzen hinweg und bei der (Re-)Gestaltung kultureller Identit\u00e4ten im Forschungsfokus. Von zentraler Bedeutung ist weiterhin die Frage nach der Rolle der Mediennutzung bei Alltagsorientierungen und mehrpoligen Integrations- bzw. Partizipationsbestrebungen. Ausgehend hiervon erforscht die vorliegende, auf rund 930 Interviews basierende, empirisch-komparative Dissertationsstudie insbesondere allf\u00e4llige Zusammenh\u00e4nge zwischen der Zugeh\u00f6rigkeit zu ethnischen und ethno-religi\u00f6sen Minderheiten im Migrationskontext und Motivationen zur bzw. Bedeutung der Nutzung klassischer und speziell neuer Medien durch die in der Schweiz lebenden Menschen mit Migrationshintergrund T\u00fcrkei \u2013 samt der ethnischen und konfessionellen Subgruppen Aleviten, Assyrer, Kurden und T\u00fcrken.&#8221;<\/p>\n<p><strong>Abstract<\/strong><br \/>\n&#8220;New Media &#8211; Ethnic and Ethno-Religious Minorities in the Migration Context<br \/>\nAlong with the worldwide growing mobility and migration, the scientific studies and political-public debates are increasingly more concerned with the questions of motivation and manner in which modern information and communication technology is used by people with a migration background as well as the resulting consequences for the individual as a user on the one hand, and the ethno-cultural groups in migration, the home and residence societies, on the other hand. The researches focus on the questions about the importance of the use of the mentioned media technologies in the development of transcultural \/ -national communication \/ interaction relations across national borders and in the (re-)formation of cultural identities. Another central issue is the question of the role of media use in everyday orientation and multi-pole integration as well as participation efforts. Based on these goals, this empirical-comparative dissertation study, which is based on interviews with around 930 people, in particular explores the possible interrelationships between affiliation with ethnic and ethno-religious minorities in the context of migration and the motivation of the use of classical and, especially, new media by the people living in Switzerland with a migration background from Turkey &#8211; including the ethnic and denominational subgroups of Alevis, Assyrian, Kurds and Turks.&#8221;<\/p>\n<\/div>\n<\/blockquote>\n","protected":false},"excerpt":{"rendered":"<p>Author(s) : Mustafa Ideli Source : https:\/\/doi.org\/10.5167\/uzh-172936 Abstract:<\/p>\n","protected":false},"author":4,"featured_media":0,"comment_status":"open","ping_status":"open","sticky":false,"template":"","format":"standard","meta":{"_kadence_starter_templates_imported_post":false,"_kad_post_transparent":"","_kad_post_title":"","_kad_post_layout":"","_kad_post_sidebar_id":"","_kad_post_content_style":"","_kad_post_vertical_padding":"","_kad_post_feature":"","_kad_post_feature_position":"","_kad_post_header":false,"_kad_post_footer":false,"_kad_post_classname":"","jetpack_post_was_ever_published":false,"_jetpack_newsletter_access":"","_jetpack_dont_email_post_to_subs":false,"_jetpack_newsletter_tier_id":0,"_jetpack_memberships_contains_paywalled_content":false,"_jetpack_memberships_contains_paid_content":false,"footnotes":""},"categories":[167],"tags":[48,516,57,173,151,589,121,73,17,154,419,115,207,182],"class_list":["post-3142","post","type-post","status-publish","format-standard","hentry","category-ethnicity-languages-religion-arts","tag-48","tag-communication","tag-comparative-analysis","tag-cross-cultural-communication","tag-cultural-identity","tag-doctoral-thesis","tag-ethnic-minorities","tag-german-language","tag-immigrants","tag-interviews","tag-kurds","tag-mass-media","tag-social-networks","tag-turks"],"jetpack_featured_media_url":"","jetpack_sharing_enabled":true,"_links":{"self":[{"href":"https:\/\/swissmig.unine.ch\/index.php?rest_route=\/wp\/v2\/posts\/3142","targetHints":{"allow":["GET"]}}],"collection":[{"href":"https:\/\/swissmig.unine.ch\/index.php?rest_route=\/wp\/v2\/posts"}],"about":[{"href":"https:\/\/swissmig.unine.ch\/index.php?rest_route=\/wp\/v2\/types\/post"}],"author":[{"embeddable":true,"href":"https:\/\/swissmig.unine.ch\/index.php?rest_route=\/wp\/v2\/users\/4"}],"replies":[{"embeddable":true,"href":"https:\/\/swissmig.unine.ch\/index.php?rest_route=%2Fwp%2Fv2%2Fcomments&post=3142"}],"version-history":[{"count":0,"href":"https:\/\/swissmig.unine.ch\/index.php?rest_route=\/wp\/v2\/posts\/3142\/revisions"}],"wp:attachment":[{"href":"https:\/\/swissmig.unine.ch\/index.php?rest_route=%2Fwp%2Fv2%2Fmedia&parent=3142"}],"wp:term":[{"taxonomy":"category","embeddable":true,"href":"https:\/\/swissmig.unine.ch\/index.php?rest_route=%2Fwp%2Fv2%2Fcategories&post=3142"},{"taxonomy":"post_tag","embeddable":true,"href":"https:\/\/swissmig.unine.ch\/index.php?rest_route=%2Fwp%2Fv2%2Ftags&post=3142"}],"curies":[{"name":"wp","href":"https:\/\/api.w.org\/{rel}","templated":true}]}}