{"id":3135,"date":"2019-11-04T09:00:17","date_gmt":"2019-11-04T08:00:17","guid":{"rendered":"https:\/\/swissmig.wordpress.com\/?p=3135"},"modified":"2019-11-04T09:00:17","modified_gmt":"2019-11-04T08:00:17","slug":"laccueil-et-la-scolarisation-des-enfants-refugies-et-requerants-dasile-a-lecole-primaire-dans-le-canton-de-geneve-etude-dun-projet-interculturel","status":"publish","type":"post","link":"https:\/\/swissmig.unine.ch\/?p=3135","title":{"rendered":"L\u2019accueil et la scolarisation des enfants r\u00e9fugi\u00e9s et requ\u00e9rants d\u2019asile \u00e0 l\u2019\u00e9cole primaire dans le canton de Gen\u00e8ve : \u00e9tude d\u2019un projet interculturel"},"content":{"rendered":"<h3>Author(s) : Aur\u00e9lie Mermoud<\/h3>\n<h3>Source : <a href=\"https:\/\/archive-ouverte.unige.ch\/unige:124255\">https:\/\/archive-ouverte.unige.ch\/unige:124255<\/a><\/h3>\n<p><strong>Abstract: <\/strong><!--more--><\/p>\n<blockquote>\n<div>\n<p>&#8220;Le pr\u00e9sent m\u00e9moire porte sur la th\u00e9matique de l\u2019accueil et de la scolarisation des enfants r\u00e9fugi\u00e9s et requ\u00e9rants d\u2019asile dans le syst\u00e8me scolaire genevois. Cette recherche propose dans un premier temps une analyse des politiques et des dispositifs d\u2019accueil et de scolarisation des \u00e9l\u00e8ves migrants mis en \u0153uvre \u00e0 Gen\u00e8ve. Il sera ainsi expos\u00e9 que ces derniers adoptent une orientation assimilatrice, ne laissant que peu de place \u00e0 la langue et \u00e0 la culture de cette population d\u2019\u00e9l\u00e8ves. Dans un deuxi\u00e8me temps, l\u2019impact d\u2019un projet interculturel bas\u00e9 sur la mobilisation volontaire des acteurs scolaires d\u2019un \u00e9tablissement et visant l\u2019int\u00e9gration de tous les \u00e9l\u00e8ves \u00e9trangers sera \u00e9valu\u00e9 en analysant qualitativement et quantitativement ses effets sur la valorisation linguistique et le vivre ensemble. Il sera ainsi soulign\u00e9 que l\u2019implication de tous les acteurs scolaires dans et autour du projet est essentielle pour que ce dernier soit efficace \u00e0 long terme. &#8221;<\/p>\n<\/div>\n<\/blockquote>\n","protected":false},"excerpt":{"rendered":"<p>Author(s) : Aur\u00e9lie Mermoud Source : https:\/\/archive-ouverte.unige.ch\/unige:124255 Abstract:<\/p>\n","protected":false},"author":4,"featured_media":0,"comment_status":"open","ping_status":"open","sticky":false,"template":"","format":"standard","meta":{"_kadence_starter_templates_imported_post":false,"_kad_post_transparent":"","_kad_post_title":"","_kad_post_layout":"","_kad_post_sidebar_id":"","_kad_post_content_style":"","_kad_post_vertical_padding":"","_kad_post_feature":"","_kad_post_feature_position":"","_kad_post_header":false,"_kad_post_footer":false,"_kad_post_classname":"","jetpack_post_was_ever_published":false,"_jetpack_newsletter_access":"","_jetpack_dont_email_post_to_subs":false,"_jetpack_newsletter_tier_id":0,"_jetpack_memberships_contains_paywalled_content":false,"_jetpack_memberships_contains_paid_content":false,"footnotes":""},"categories":[61],"tags":[582,50,318,275,52,341,319,180,90,117],"class_list":["post-3135","post","type-post","status-publish","format-standard","hentry","category-education","tag-582","tag-asylum-seekers","tag-children","tag-educational-programmes","tag-french-language","tag-geneva","tag-master-thesis","tag-multiculturalism","tag-reception-policy","tag-school-integration"],"jetpack_featured_media_url":"","jetpack_sharing_enabled":true,"_links":{"self":[{"href":"https:\/\/swissmig.unine.ch\/index.php?rest_route=\/wp\/v2\/posts\/3135","targetHints":{"allow":["GET"]}}],"collection":[{"href":"https:\/\/swissmig.unine.ch\/index.php?rest_route=\/wp\/v2\/posts"}],"about":[{"href":"https:\/\/swissmig.unine.ch\/index.php?rest_route=\/wp\/v2\/types\/post"}],"author":[{"embeddable":true,"href":"https:\/\/swissmig.unine.ch\/index.php?rest_route=\/wp\/v2\/users\/4"}],"replies":[{"embeddable":true,"href":"https:\/\/swissmig.unine.ch\/index.php?rest_route=%2Fwp%2Fv2%2Fcomments&post=3135"}],"version-history":[{"count":0,"href":"https:\/\/swissmig.unine.ch\/index.php?rest_route=\/wp\/v2\/posts\/3135\/revisions"}],"wp:attachment":[{"href":"https:\/\/swissmig.unine.ch\/index.php?rest_route=%2Fwp%2Fv2%2Fmedia&parent=3135"}],"wp:term":[{"taxonomy":"category","embeddable":true,"href":"https:\/\/swissmig.unine.ch\/index.php?rest_route=%2Fwp%2Fv2%2Fcategories&post=3135"},{"taxonomy":"post_tag","embeddable":true,"href":"https:\/\/swissmig.unine.ch\/index.php?rest_route=%2Fwp%2Fv2%2Ftags&post=3135"}],"curies":[{"name":"wp","href":"https:\/\/api.w.org\/{rel}","templated":true}]}}