{"id":3114,"date":"2019-10-28T09:00:46","date_gmt":"2019-10-28T08:00:46","guid":{"rendered":"https:\/\/swissmig.wordpress.com\/?p=3114"},"modified":"2019-10-28T09:00:46","modified_gmt":"2019-10-28T08:00:46","slug":"qualitat-der-medienberichterstattung-uber-muslime-in-der-schweiz","status":"publish","type":"post","link":"https:\/\/swissmig.unine.ch\/?p=3114","title":{"rendered":"Qualit\u00e4t der Medienberichterstattung \u00fcber Muslime in der Schweiz"},"content":{"rendered":"<h3>Author(s) : Patrik Ettinger<\/h3>\n<h3>Source : <a href=\"https:\/\/doi.org\/10.1007\/978-3-658-27711-6_11\">https:\/\/doi.org\/10.1007\/978-3-658-27711-6_11<\/a><\/h3>\n<p><strong>Abstract: <\/strong><!--more--><\/p>\n<blockquote>\n<div>\n<p>&#8220;Die \u00f6ffentliche Kommunikation \u00fcber Minderheiten ist ein zentrales Thema der fr\u00fchen wissenschaftlichen Arbeiten Kurt Imhofs (vgl. Imhof 1993, 1996). Die Themenwahl mag durch seinen akademischen Lehrer Hans-Joachim Hoffmann-Novotny beeinflusst sein (vgl. Hoffmann-Novotny 2001) \u2013 aber sie ist nicht zuf\u00e4llig. Denn die Problematisierung von Minderheiten ist eine spezifische Form der Problematisierung des \u00abFremden\u00bb und diese wiederum stellt ein zentrales Element der Krisentheorie dar, die Kurt Imhof zusammen mit Gaetano Romano in dieser Zeit formuliert (Imhof\/Romano 1996).&#8221;<\/p>\n<\/div>\n<\/blockquote>\n","protected":false},"excerpt":{"rendered":"<p>Author(s) : Patrik Ettinger Source : https:\/\/doi.org\/10.1007\/978-3-658-27711-6_11 Abstract:<\/p>\n","protected":false},"author":4,"featured_media":0,"comment_status":"open","ping_status":"open","sticky":false,"template":"","format":"standard","meta":{"_kadence_starter_templates_imported_post":false,"_kad_post_transparent":"","_kad_post_title":"","_kad_post_layout":"","_kad_post_sidebar_id":"","_kad_post_content_style":"","_kad_post_vertical_padding":"","_kad_post_feature":"","_kad_post_feature_position":"","_kad_post_header":false,"_kad_post_footer":false,"_kad_post_classname":"","jetpack_post_was_ever_published":false,"_jetpack_newsletter_access":"","_jetpack_dont_email_post_to_subs":false,"_jetpack_newsletter_tier_id":0,"_jetpack_memberships_contains_paywalled_content":false,"_jetpack_memberships_contains_paid_content":false,"footnotes":""},"categories":[167],"tags":[582,37,32,173,121,73,87,116,422,522],"class_list":["post-3114","post","type-post","status-publish","format-standard","hentry","category-ethnicity-languages-religion-arts","tag-582","tag-attitudes-towards-migrants","tag-book-chapter","tag-cross-cultural-communication","tag-ethnic-minorities","tag-german-language","tag-history","tag-muslims","tag-sociology","tag-theories-of-migration"],"jetpack_featured_media_url":"","jetpack_sharing_enabled":true,"_links":{"self":[{"href":"https:\/\/swissmig.unine.ch\/index.php?rest_route=\/wp\/v2\/posts\/3114","targetHints":{"allow":["GET"]}}],"collection":[{"href":"https:\/\/swissmig.unine.ch\/index.php?rest_route=\/wp\/v2\/posts"}],"about":[{"href":"https:\/\/swissmig.unine.ch\/index.php?rest_route=\/wp\/v2\/types\/post"}],"author":[{"embeddable":true,"href":"https:\/\/swissmig.unine.ch\/index.php?rest_route=\/wp\/v2\/users\/4"}],"replies":[{"embeddable":true,"href":"https:\/\/swissmig.unine.ch\/index.php?rest_route=%2Fwp%2Fv2%2Fcomments&post=3114"}],"version-history":[{"count":0,"href":"https:\/\/swissmig.unine.ch\/index.php?rest_route=\/wp\/v2\/posts\/3114\/revisions"}],"wp:attachment":[{"href":"https:\/\/swissmig.unine.ch\/index.php?rest_route=%2Fwp%2Fv2%2Fmedia&parent=3114"}],"wp:term":[{"taxonomy":"category","embeddable":true,"href":"https:\/\/swissmig.unine.ch\/index.php?rest_route=%2Fwp%2Fv2%2Fcategories&post=3114"},{"taxonomy":"post_tag","embeddable":true,"href":"https:\/\/swissmig.unine.ch\/index.php?rest_route=%2Fwp%2Fv2%2Ftags&post=3114"}],"curies":[{"name":"wp","href":"https:\/\/api.w.org\/{rel}","templated":true}]}}