{"id":310,"date":"2017-08-23T10:02:01","date_gmt":"2017-08-23T09:02:01","guid":{"rendered":"https:\/\/swissmig.wordpress.com\/?p=310"},"modified":"2017-08-23T10:02:01","modified_gmt":"2017-08-23T09:02:01","slug":"wicker-hans-rudolf-fibbi-rosita-et-haug-werner-dir-les-migrations-et-la-suisse-resultats-du-programme-national-de-recherche-migrations-et-relations-interculturelles","status":"publish","type":"post","link":"https:\/\/swissmig.unine.ch\/?p=310","title":{"rendered":"WICKER Hans-Rudolf ; FIBBI Rosita et HAUG Werner (Dir.), Les migrations et la Suisse. R\u00e9sultats du Programme national de recherche \u00ab Migrations et relations interculturelles \u00bb"},"content":{"rendered":"<h3>Author(s) : Emmanuelle Le Texier<\/h3>\n<h3>Source : <a href=\"https:\/\/remi.revues.org\/4066\" target=\"_blank\" rel=\"noopener\">https:\/\/remi.revues.org\/4066<\/a><\/h3>\n<p><strong>Abstract: <\/strong><!--more--><\/p>\n<div>Les migrations et la Suisse constitue un ouvrage collectif de r\u00e9f\u00e9rence qui propose, d\u2019une part, un \u00e9tat des lieux sur la place des immigrants et de la population issue de l\u2019immigration dans la soci\u00e9t\u00e9 suisse et, d\u2019autre part, une r\u00e9flexion sur le \u00ab mod\u00e8le suisse \u00bb et les transformations des relations interculturelles li\u00e9es \u00e0 l\u2019accueil des immigrants. Ce livre ambitieux refl\u00e8te les r\u00e9sultats du Programme national de recherche 39 \u00ab Migrations et relations interculturelles \u00bb lanc\u00e9 en 1995 pour \u00e9valuer diff\u00e9rents aspects de l\u2019int\u00e9gration des migrants depuis les ann\u00e9es 1950.<\/div>\n<div><\/div>\n<div><\/div>\n<p>&nbsp;<\/p>\n","protected":false},"excerpt":{"rendered":"<p>Author(s) : Emmanuelle Le Texier Source : https:\/\/remi.revues.org\/4066 Abstract:<\/p>\n","protected":false},"author":4,"featured_media":0,"comment_status":"open","ping_status":"open","sticky":false,"template":"","format":"standard","meta":{"_kadence_starter_templates_imported_post":false,"_kad_post_transparent":"","_kad_post_title":"","_kad_post_layout":"","_kad_post_sidebar_id":"","_kad_post_content_style":"","_kad_post_vertical_padding":"","_kad_post_feature":"","_kad_post_feature_position":"","_kad_post_header":false,"_kad_post_footer":false,"_kad_post_classname":"","jetpack_post_was_ever_published":false,"_jetpack_newsletter_access":"","_jetpack_dont_email_post_to_subs":false,"_jetpack_newsletter_tier_id":0,"_jetpack_memberships_contains_paywalled_content":false,"_jetpack_memberships_contains_paid_content":false,"footnotes":""},"categories":[43],"tags":[85,7,86,52,87,17,88,89,90,91],"class_list":["post-310","post","type-post","status-publish","format-standard","hentry","category-the-migration-phenomenon","tag-85","tag-article","tag-book-review","tag-french-language","tag-history","tag-immigrants","tag-intercultural-relations","tag-national-research-program","tag-reception-policy","tag-social-integration"],"jetpack_featured_media_url":"","jetpack_sharing_enabled":true,"_links":{"self":[{"href":"https:\/\/swissmig.unine.ch\/index.php?rest_route=\/wp\/v2\/posts\/310","targetHints":{"allow":["GET"]}}],"collection":[{"href":"https:\/\/swissmig.unine.ch\/index.php?rest_route=\/wp\/v2\/posts"}],"about":[{"href":"https:\/\/swissmig.unine.ch\/index.php?rest_route=\/wp\/v2\/types\/post"}],"author":[{"embeddable":true,"href":"https:\/\/swissmig.unine.ch\/index.php?rest_route=\/wp\/v2\/users\/4"}],"replies":[{"embeddable":true,"href":"https:\/\/swissmig.unine.ch\/index.php?rest_route=%2Fwp%2Fv2%2Fcomments&post=310"}],"version-history":[{"count":0,"href":"https:\/\/swissmig.unine.ch\/index.php?rest_route=\/wp\/v2\/posts\/310\/revisions"}],"wp:attachment":[{"href":"https:\/\/swissmig.unine.ch\/index.php?rest_route=%2Fwp%2Fv2%2Fmedia&parent=310"}],"wp:term":[{"taxonomy":"category","embeddable":true,"href":"https:\/\/swissmig.unine.ch\/index.php?rest_route=%2Fwp%2Fv2%2Fcategories&post=310"},{"taxonomy":"post_tag","embeddable":true,"href":"https:\/\/swissmig.unine.ch\/index.php?rest_route=%2Fwp%2Fv2%2Ftags&post=310"}],"curies":[{"name":"wp","href":"https:\/\/api.w.org\/{rel}","templated":true}]}}