{"id":3089,"date":"2019-10-21T08:00:06","date_gmt":"2019-10-21T07:00:06","guid":{"rendered":"https:\/\/swissmig.wordpress.com\/?p=3089"},"modified":"2019-10-21T08:00:06","modified_gmt":"2019-10-21T07:00:06","slug":"des-migrants-face-aux-restrictions-du-droit-dasile-en-suisse-analyse-des-ressources-et-strategies-des-personnes-frappees-de-non-entree-en-matiere-en-ayant-sollicite-laide-durgence-dans-le-cant","status":"publish","type":"post","link":"https:\/\/swissmig.unine.ch\/?p=3089","title":{"rendered":"Des migrants face aux restrictions du droit d&#8217;asile en Suisse : analyse des ressources et strat\u00e9gies des personnes frapp\u00e9es de non-entr\u00e9e en mati\u00e8re en ayant sollicit\u00e9 l&#8217;aide d&#8217;urgence dans le canton de Gen\u00e8ve"},"content":{"rendered":"<h3>Author(s) : Cl\u00e9ment de Senarclens<\/h3>\n<h3>Source : <a href=\"https:\/\/libra.unine.ch\/handle\/123456789\/16194\" target=\"_blank\" rel=\"noopener\">https:\/\/libra.unine.ch\/handle\/123456789\/16194<\/a><\/h3>\n<p><strong>Abstract: <\/strong><!--more--><\/p>\n<blockquote>\n<div>\n<p>&#8220;Ce travail de m\u00e9moire de licence porte sur les strat\u00e9gies mises en oeuvre par de personnes frapp\u00e9es d\u2019une d\u00e9cision de non-entr\u00e9e en mati\u00e8re (NEM) ayant sollicit\u00e9 l\u2019aide d\u2019urgence dans le canton de Gen\u00e8ve. Il part du postulat que malgr\u00e9 la pr\u00e9carit\u00e9 de la situation dans laquelle sont plac\u00e9es ces migrants, ils sont n\u00e9anmoins en mesures de mobiliser certaines ressources afin de faire face aux contraintes de cette situation. Cette recherche se base principalement sur trois \u00e9tudes de cas issues d\u2019une observation participante d\u2019une dur\u00e9e approximative de sept mois, ainsi que sur des entretiens avec des personnes frapp\u00e9es de non-entr\u00e9e en mati\u00e8re. Une des principales strat\u00e9gies identifi\u00e9es lors de ce travail est le recours \u00e0 l\u2019aide d\u2019urgence offerte par les cantons. N\u00e9anmoins cette strat\u00e9gie implique aussi des lourdes contraintes, dont la plus grande est la crainte d\u2019expulsion qu\u2019elle fait planer sur les personnes qui la sollicitent. De ce fait, elle est principalement employ\u00e9e par des personnes moins susceptibles de se faire renvoyer (par exemple par des personnes provenant de pays n\u2019ayant pas sign\u00e9 d\u2019accord de r\u00e9admission avec la Suisse), ou qui, malgr\u00e9 la possibilit\u00e9 d\u2019expulsion ne sont pas en mesure de subvenir \u00e0 leur besoin d\u2019une autre mani\u00e8re. D\u2019une mani\u00e8re g\u00e9n\u00e9rale, il ressort de cette recherche que les ressources et strat\u00e9gies qu\u2019ont \u00e0 disposition les personnes frapp\u00e9es de NEM leur permettent surtout de survivre dans un \u00e9tat de pr\u00e9carit\u00e9, sans pour autant leur permettre d\u2019am\u00e9liorer durablement leur situation. Les personnes interview\u00e9es ne semblaient pas m\u00eame en mesure de trouver un travail au noir, et de subsister dans la clandestinit\u00e9, devant se contenter de l\u2019aide minimale qui leur \u00e9tait fournie, et d\u2019apprendre \u00e0 vivre avec la crainte perp\u00e9tuelle de l\u2019expulsion. Une des seules strat\u00e9gies pouvant leur permettre d\u2019acc\u00e9der \u00e0 un statut moins pr\u00e9caire (en dehors du recours juridique tr\u00e8s difficile \u00e0 mettre en oeuvre) consiste \u00e0 se marier avec une personne \u00e9tablie l\u00e9galement en Suisse, ce qui est n\u00e9anmoins rendu particuli\u00e8rement difficile par l\u2019isolement social et la pr\u00e9carit\u00e9 \u00e9conomique dans laquelle ils se trouvent.&#8221;<\/p>\n<p><strong>Mots cl\u00e9s :<\/strong> asile\u00a0; NEM\u00a0; ressources\u00a0; strat\u00e9gies\u00a0; capital social\u00a0; r\u00e9seau social ; asylum\u00a0; undocumented migrants\u00a0; resources\u00a0; strategies\u00a0; social capital\u00a0; social network<\/p>\n<\/div>\n<\/blockquote>\n","protected":false},"excerpt":{"rendered":"<p>Author(s) : Cl\u00e9ment de Senarclens Source : https:\/\/libra.unine.ch\/handle\/123456789\/16194 Abstract:<\/p>\n","protected":false},"author":4,"featured_media":0,"comment_status":"open","ping_status":"open","sticky":false,"template":"","format":"standard","meta":{"_kadence_starter_templates_imported_post":false,"_kad_post_transparent":"","_kad_post_title":"","_kad_post_layout":"","_kad_post_sidebar_id":"","_kad_post_content_style":"","_kad_post_vertical_padding":"","_kad_post_feature":"","_kad_post_feature_position":"","_kad_post_header":false,"_kad_post_footer":false,"_kad_post_classname":"","jetpack_post_was_ever_published":false,"_jetpack_newsletter_access":"","_jetpack_dont_email_post_to_subs":false,"_jetpack_newsletter_tier_id":0,"_jetpack_memberships_contains_paywalled_content":false,"_jetpack_memberships_contains_paid_content":false,"footnotes":""},"categories":[24],"tags":[169,112,50,8,328,52,341,154,319,464,102,125,207,262],"class_list":["post-3089","post","type-post","status-publish","format-standard","hentry","category-society-family-racism","tag-169","tag-asylum-procedure","tag-asylum-seekers","tag-case-study","tag-expulsion","tag-french-language","tag-geneva","tag-interviews","tag-master-thesis","tag-nem-nee","tag-poverty","tag-social-capital","tag-social-networks","tag-undocumented-immigrants"],"jetpack_featured_media_url":"","jetpack_sharing_enabled":true,"_links":{"self":[{"href":"https:\/\/swissmig.unine.ch\/index.php?rest_route=\/wp\/v2\/posts\/3089","targetHints":{"allow":["GET"]}}],"collection":[{"href":"https:\/\/swissmig.unine.ch\/index.php?rest_route=\/wp\/v2\/posts"}],"about":[{"href":"https:\/\/swissmig.unine.ch\/index.php?rest_route=\/wp\/v2\/types\/post"}],"author":[{"embeddable":true,"href":"https:\/\/swissmig.unine.ch\/index.php?rest_route=\/wp\/v2\/users\/4"}],"replies":[{"embeddable":true,"href":"https:\/\/swissmig.unine.ch\/index.php?rest_route=%2Fwp%2Fv2%2Fcomments&post=3089"}],"version-history":[{"count":0,"href":"https:\/\/swissmig.unine.ch\/index.php?rest_route=\/wp\/v2\/posts\/3089\/revisions"}],"wp:attachment":[{"href":"https:\/\/swissmig.unine.ch\/index.php?rest_route=%2Fwp%2Fv2%2Fmedia&parent=3089"}],"wp:term":[{"taxonomy":"category","embeddable":true,"href":"https:\/\/swissmig.unine.ch\/index.php?rest_route=%2Fwp%2Fv2%2Fcategories&post=3089"},{"taxonomy":"post_tag","embeddable":true,"href":"https:\/\/swissmig.unine.ch\/index.php?rest_route=%2Fwp%2Fv2%2Ftags&post=3089"}],"curies":[{"name":"wp","href":"https:\/\/api.w.org\/{rel}","templated":true}]}}