{"id":3069,"date":"2019-10-14T08:00:43","date_gmt":"2019-10-14T07:00:43","guid":{"rendered":"https:\/\/swissmig.wordpress.com\/?p=3069"},"modified":"2019-10-14T08:00:43","modified_gmt":"2019-10-14T07:00:43","slug":"migration-und-medien-auslander-und-minderheiten-als-fremde","status":"publish","type":"post","link":"https:\/\/swissmig.unine.ch\/?p=3069","title":{"rendered":"Migration und Medien \u2013 Ausl\u00e4nder und Minderheiten als Fremde"},"content":{"rendered":"<h3>Author(s) : Heinz Bonfadelli, Annelies Debrunner<\/h3>\n<h3>Source : <a href=\"https:\/\/doi.org\/10.1007\/978-3-658-27711-6_12\">https:\/\/doi.org\/10.1007\/978-3-658-27711-6_12<\/a><\/h3>\n<p><strong>Abstract: <\/strong><!--more--><\/p>\n<blockquote>\n<div>\n<p>&#8220;Der Beitrag analysiert und diskutiert die theoretische Auseinandersetzung mit der Semantik des Fremden durch Kurt Imhof und seinen Beitrag zu einer <em class=\"EmphasisTypeItalic \">Soziologie der Minderheiten<\/em>, und zwar in Fortf\u00fchrung der soziologischen Besch\u00e4ftigung mit dem Fremdarbeiterproblem durch Joachim Hoffmann-Nowotny Anfang der 1970er Jahre am Soziologischen Institut der Universit\u00e4t Z\u00fcrich. Daran anschlie\u00dfend werden die empirischen Medienanalysen zur Problematisierung der Ausl\u00e4nder und speziell der Muslime in den Schweizer Medien dargestellt, die Kurt Imhof mit seinen Mitarbeitenden am f\u00f6g \u2013 Forschungsinstitut \u00d6ffentlichkeit und Gesellschaft realisiert hat, zusammen mit der kommunikationswissenschaftlichen Perspektive auf das Thema \u00abMigration und Medien\u00bb.&#8221;<\/p>\n<\/div>\n<\/blockquote>\n","protected":false},"excerpt":{"rendered":"<p>Author(s) : Heinz Bonfadelli, Annelies Debrunner Source : https:\/\/doi.org\/10.1007\/978-3-658-27711-6_12 Abstract:<\/p>\n","protected":false},"author":4,"featured_media":0,"comment_status":"open","ping_status":"open","sticky":false,"template":"","format":"standard","meta":{"_kadence_starter_templates_imported_post":false,"_kad_post_transparent":"","_kad_post_title":"","_kad_post_layout":"","_kad_post_sidebar_id":"","_kad_post_content_style":"","_kad_post_vertical_padding":"","_kad_post_feature":"","_kad_post_feature_position":"","_kad_post_header":false,"_kad_post_footer":false,"_kad_post_classname":"","jetpack_post_was_ever_published":false,"_jetpack_newsletter_access":"","_jetpack_dont_email_post_to_subs":false,"_jetpack_newsletter_tier_id":0,"_jetpack_memberships_contains_paywalled_content":false,"_jetpack_memberships_contains_paid_content":false,"footnotes":""},"categories":[167],"tags":[582,37,32,173,121,73,87,115,116,422,522,246],"class_list":["post-3069","post","type-post","status-publish","format-standard","hentry","category-ethnicity-languages-religion-arts","tag-582","tag-attitudes-towards-migrants","tag-book-chapter","tag-cross-cultural-communication","tag-ethnic-minorities","tag-german-language","tag-history","tag-mass-media","tag-muslims","tag-sociology","tag-theories-of-migration","tag-zurich"],"jetpack_featured_media_url":"","jetpack_sharing_enabled":true,"_links":{"self":[{"href":"https:\/\/swissmig.unine.ch\/index.php?rest_route=\/wp\/v2\/posts\/3069","targetHints":{"allow":["GET"]}}],"collection":[{"href":"https:\/\/swissmig.unine.ch\/index.php?rest_route=\/wp\/v2\/posts"}],"about":[{"href":"https:\/\/swissmig.unine.ch\/index.php?rest_route=\/wp\/v2\/types\/post"}],"author":[{"embeddable":true,"href":"https:\/\/swissmig.unine.ch\/index.php?rest_route=\/wp\/v2\/users\/4"}],"replies":[{"embeddable":true,"href":"https:\/\/swissmig.unine.ch\/index.php?rest_route=%2Fwp%2Fv2%2Fcomments&post=3069"}],"version-history":[{"count":0,"href":"https:\/\/swissmig.unine.ch\/index.php?rest_route=\/wp\/v2\/posts\/3069\/revisions"}],"wp:attachment":[{"href":"https:\/\/swissmig.unine.ch\/index.php?rest_route=%2Fwp%2Fv2%2Fmedia&parent=3069"}],"wp:term":[{"taxonomy":"category","embeddable":true,"href":"https:\/\/swissmig.unine.ch\/index.php?rest_route=%2Fwp%2Fv2%2Fcategories&post=3069"},{"taxonomy":"post_tag","embeddable":true,"href":"https:\/\/swissmig.unine.ch\/index.php?rest_route=%2Fwp%2Fv2%2Ftags&post=3069"}],"curies":[{"name":"wp","href":"https:\/\/api.w.org\/{rel}","templated":true}]}}