{"id":3058,"date":"2019-10-10T08:58:34","date_gmt":"2019-10-10T07:58:34","guid":{"rendered":"https:\/\/swissmig.wordpress.com\/?p=3058"},"modified":"2019-10-10T08:58:34","modified_gmt":"2019-10-10T07:58:34","slug":"vers-une-prise-en-compte-holistique-et-dynamique-des-enfants-et-des-jeunes-migrant-e-s-a-geneve-analyse-des-besoins-des-requerant-e-s-dasile-mineur-e-s-non-accompagne-e-s-rmna","status":"publish","type":"post","link":"https:\/\/swissmig.unine.ch\/?p=3058","title":{"rendered":"Vers une prise en compte holistique et dynamique des enfants et des jeunes migrant-e-s \u00e0 Gen\u00e8ve. Analyse des besoins des requ\u00e9rant-e-s d&#8217;asile mineur-e-s non accompagn\u00e9-e-s (RMNA)"},"content":{"rendered":"<h3>Author(s) : Haute \u00e9cole de travail social (HETS)<\/h3>\n<h3>Source : <a href=\"https:\/\/www.ge.ch\/document\/prise-compte-holistique-dynamique-enfants-jeunes-migrant-e-geneve\">https:\/\/www.ge.ch\/document\/prise-compte-holistique-dynamique-enfants-jeunes-migrant-e-geneve<\/a><\/h3>\n<p><strong>Abstract: <\/strong><!--more--><\/p>\n<blockquote>\n<div>\n<p>&#8220;Ce document est une analyse des besoins des enfants et des jeunes requ\u00e9rant-e-s d&#8217;asile mineur-e-s non accompagn\u00e9s \u00e0 Gen\u00e8ve, r\u00e9alis\u00e9e par la Haute \u00e9cole de travail social (HETS Gen\u00e8ve) sur mandat du d\u00e9partement de l&#8217;instruction publique, de la formation et de la jeunesse (DIP).&#8221;<\/p>\n<\/div>\n<\/blockquote>\n","protected":false},"excerpt":{"rendered":"<p>Author(s) : Haute \u00e9cole de travail social (HETS) Source :&#8230;<\/p>\n","protected":false},"author":4,"featured_media":0,"comment_status":"open","ping_status":"open","sticky":false,"template":"","format":"standard","meta":{"_kadence_starter_templates_imported_post":false,"_kad_post_transparent":"","_kad_post_title":"","_kad_post_layout":"","_kad_post_sidebar_id":"","_kad_post_content_style":"","_kad_post_vertical_padding":"","_kad_post_feature":"","_kad_post_feature_position":"","_kad_post_header":false,"_kad_post_footer":false,"_kad_post_classname":"","jetpack_post_was_ever_published":false,"_jetpack_newsletter_access":"","_jetpack_dont_email_post_to_subs":false,"_jetpack_newsletter_tier_id":0,"_jetpack_memberships_contains_paywalled_content":false,"_jetpack_memberships_contains_paid_content":false,"footnotes":""},"categories":[24],"tags":[582,111,318,52,341,128,104,90,249,91,314,312,64,144,118],"class_list":["post-3058","post","type-post","status-publish","format-standard","hentry","category-society-family-racism","tag-582","tag-asylum-applications","tag-children","tag-french-language","tag-geneva","tag-human-rights","tag-living-conditions","tag-reception-policy","tag-report","tag-social-integration","tag-social-services","tag-social-work","tag-unaccompanied-minors","tag-vulnerability","tag-youth"],"jetpack_featured_media_url":"","jetpack_sharing_enabled":true,"_links":{"self":[{"href":"https:\/\/swissmig.unine.ch\/index.php?rest_route=\/wp\/v2\/posts\/3058","targetHints":{"allow":["GET"]}}],"collection":[{"href":"https:\/\/swissmig.unine.ch\/index.php?rest_route=\/wp\/v2\/posts"}],"about":[{"href":"https:\/\/swissmig.unine.ch\/index.php?rest_route=\/wp\/v2\/types\/post"}],"author":[{"embeddable":true,"href":"https:\/\/swissmig.unine.ch\/index.php?rest_route=\/wp\/v2\/users\/4"}],"replies":[{"embeddable":true,"href":"https:\/\/swissmig.unine.ch\/index.php?rest_route=%2Fwp%2Fv2%2Fcomments&post=3058"}],"version-history":[{"count":0,"href":"https:\/\/swissmig.unine.ch\/index.php?rest_route=\/wp\/v2\/posts\/3058\/revisions"}],"wp:attachment":[{"href":"https:\/\/swissmig.unine.ch\/index.php?rest_route=%2Fwp%2Fv2%2Fmedia&parent=3058"}],"wp:term":[{"taxonomy":"category","embeddable":true,"href":"https:\/\/swissmig.unine.ch\/index.php?rest_route=%2Fwp%2Fv2%2Fcategories&post=3058"},{"taxonomy":"post_tag","embeddable":true,"href":"https:\/\/swissmig.unine.ch\/index.php?rest_route=%2Fwp%2Fv2%2Ftags&post=3058"}],"curies":[{"name":"wp","href":"https:\/\/api.w.org\/{rel}","templated":true}]}}