{"id":3053,"date":"2019-10-07T08:00:24","date_gmt":"2019-10-07T07:00:24","guid":{"rendered":"https:\/\/swissmig.wordpress.com\/?p=3053"},"modified":"2019-10-07T08:00:24","modified_gmt":"2019-10-07T07:00:24","slug":"cest-ou-chez-vous-quels-sont-les-facteurs-qui-favorisent-ou-non-linscription-dune-famille-migrante-dans-un-processus-dintegration-au-niveau-local","status":"publish","type":"post","link":"https:\/\/swissmig.unine.ch\/?p=3053","title":{"rendered":"&#8220;C&#8217;est o\u00f9, chez vous ?&#8221;: quels sont les facteurs qui favorisent ou non l&#8217;inscription d&#8217;une famille migrante dans un processus d&#8217;int\u00e9gration au niveau local ?"},"content":{"rendered":"<h3>Author(s) : Isabelle Burnand, Ana\u00efs Conne, Lennie Meier<\/h3>\n<h3>Source : <a href=\"https:\/\/doc.rero.ch\/record\/8256\">https:\/\/doc.rero.ch\/record\/8256<\/a><\/h3>\n<p><strong>Abstract: <\/strong><!--more--><\/p>\n<blockquote>\n<div>\n<p>&#8220;La pr\u00e9sence des \u00e9trangers en Suisse est un th\u00e8me qui alimente r\u00e9guli\u00e8rement le d\u00e9bat politique notamment en mati\u00e8re d\u2019immigration \u00e9trang\u00e8re et d\u2019int\u00e9gration des \u00e9trangers. Notre th\u00e9matique s\u2019inscrit donc dans un contexte historique, social et politique. Notre enqu\u00eate porte sur huit familles migrantes de premi\u00e8re g\u00e9n\u00e9ration habitant sur la commune de Lancy avec qui nous avons retrac\u00e9 leur parcours migratoire. A travers leurs r\u00e9cits, nous cherchons \u00e0 saisir leurs exp\u00e9riences et les diff\u00e9rentes \u00e9tapes par lesquelles elles sont pass\u00e9es et que certaines franchissent encore. Nous partons du postulat que l\u2019\u00e9migration, puis l\u2019immigration, sont v\u00e9cus comme des bouleversements quels que soient les motifs du d\u00e9part. Le nouvel environnement questionne l\u2019identit\u00e9 du migrant, ses fa\u00e7ons de faire et habitudes. Un long travail d\u2019apprentissage est donc n\u00e9cessaire \u00e0 l\u2019arrivant afin que celui-ci s\u2019approprie les codes de la soci\u00e9t\u00e9 d\u2019accueil. Dans notre travail de m\u00e9moire, nous tentons d\u2019identifier les facteurs qui favorisent ou non l\u2019inscription de ces familles dans un processus d\u2019int\u00e9gration. Nous nous basons sur les crit\u00e8res suivants : le travail, le r\u00e9seau social, les enfants, la langue et le projet familial. Nous essayons \u00e9galement de comprendre comment les migrants per\u00e7oivent leur int\u00e9gration et quelle signification ils apportent \u00e0 ce terme. Dans cette \u00e9tude, nous insistons sur le fait que l\u2019immigr\u00e9 ne doit pas porter seul la responsabilit\u00e9 de son int\u00e9gration, mais que celle-ci incombe \u00e0 la collectivit\u00e9 toute enti\u00e8re.&#8221;<\/p>\n<div class=\"art-keywords in-tab hypothesis_container\">\n<p><strong>Mots cl\u00e9s<\/strong> : famille\u00a0; immigr\u00e9\u00a0; int\u00e9gration culturelle\u00a0; int\u00e9gration sociale\u00a0; Lancy\u00a0; canton de Gen\u00e8ve\u00a0; Suisse<\/p>\n<p>&nbsp;<\/p>\n<\/div>\n<\/div>\n<\/blockquote>\n","protected":false},"excerpt":{"rendered":"<p>Author(s) : Isabelle Burnand, Ana\u00efs Conne, Lennie Meier Source :&#8230;<\/p>\n","protected":false},"author":4,"featured_media":0,"comment_status":"open","ping_status":"open","sticky":false,"template":"","format":"standard","meta":{"_kadence_starter_templates_imported_post":false,"_kad_post_transparent":"","_kad_post_title":"","_kad_post_layout":"","_kad_post_sidebar_id":"","_kad_post_content_style":"","_kad_post_vertical_padding":"","_kad_post_feature":"","_kad_post_feature_position":"","_kad_post_header":false,"_kad_post_footer":false,"_kad_post_classname":"","jetpack_post_was_ever_published":false,"_jetpack_newsletter_access":"","_jetpack_dont_email_post_to_subs":false,"_jetpack_newsletter_tier_id":0,"_jetpack_memberships_contains_paywalled_content":false,"_jetpack_memberships_contains_paid_content":false,"footnotes":""},"categories":[24],"tags":[169,292,8,151,21,52,341,17,98,236,90,91,207,347],"class_list":["post-3053","post","type-post","status-publish","format-standard","hentry","category-society-family-racism","tag-169","tag-bachelor-thesis","tag-case-study","tag-cultural-identity","tag-family","tag-french-language","tag-geneva","tag-immigrants","tag-immigration-policy","tag-language-barriers","tag-reception-policy","tag-social-integration","tag-social-networks","tag-testimonies"],"jetpack_featured_media_url":"","jetpack_sharing_enabled":true,"_links":{"self":[{"href":"https:\/\/swissmig.unine.ch\/index.php?rest_route=\/wp\/v2\/posts\/3053","targetHints":{"allow":["GET"]}}],"collection":[{"href":"https:\/\/swissmig.unine.ch\/index.php?rest_route=\/wp\/v2\/posts"}],"about":[{"href":"https:\/\/swissmig.unine.ch\/index.php?rest_route=\/wp\/v2\/types\/post"}],"author":[{"embeddable":true,"href":"https:\/\/swissmig.unine.ch\/index.php?rest_route=\/wp\/v2\/users\/4"}],"replies":[{"embeddable":true,"href":"https:\/\/swissmig.unine.ch\/index.php?rest_route=%2Fwp%2Fv2%2Fcomments&post=3053"}],"version-history":[{"count":0,"href":"https:\/\/swissmig.unine.ch\/index.php?rest_route=\/wp\/v2\/posts\/3053\/revisions"}],"wp:attachment":[{"href":"https:\/\/swissmig.unine.ch\/index.php?rest_route=%2Fwp%2Fv2%2Fmedia&parent=3053"}],"wp:term":[{"taxonomy":"category","embeddable":true,"href":"https:\/\/swissmig.unine.ch\/index.php?rest_route=%2Fwp%2Fv2%2Fcategories&post=3053"},{"taxonomy":"post_tag","embeddable":true,"href":"https:\/\/swissmig.unine.ch\/index.php?rest_route=%2Fwp%2Fv2%2Ftags&post=3053"}],"curies":[{"name":"wp","href":"https:\/\/api.w.org\/{rel}","templated":true}]}}