{"id":3037,"date":"2019-10-07T08:00:11","date_gmt":"2019-10-07T07:00:11","guid":{"rendered":"https:\/\/swissmig.wordpress.com\/?p=3037"},"modified":"2019-10-07T08:00:11","modified_gmt":"2019-10-07T07:00:11","slug":"la-migration-dans-le-reseau-dinterdependances-globales","status":"publish","type":"post","link":"https:\/\/swissmig.unine.ch\/?p=3037","title":{"rendered":"La migration dans le r\u00e9seau d\u2019interd\u00e9pendances globales"},"content":{"rendered":"<h3>Author(s) : Etienne Piguet<\/h3>\n<h3>Source : <a href=\"https:\/\/libra.unine.ch\/handle\/123456789\/3689\" target=\"_blank\" rel=\"noopener\">https:\/\/libra.unine.ch\/handle\/123456789\/3689<\/a><\/h3>\n<p><strong>Abstract: <\/strong><!--more--><\/p>\n<blockquote>\n<div>\n<p>&#8220;La Suisse \u00e9volue dans un monde de plus en plus interconnect\u00e9. Les cons\u00e9quences du changement climatique, quand bien m\u00eame \u00e9loign\u00e9es g\u00e9ographiquement, peuvent donc affecter tr\u00e8s concr\u00e8tement la soci\u00e9t\u00e9 suisse, notamment en mati\u00e8re de s\u00e9curit\u00e9 et de d\u00e9veloppement. La migration compte parmi les principaux m\u00e9canismes \u00e0 l\u2019\u0153uvre qui relient la Suisse \u00e0 ce ph\u00e9nom\u00e8ne d\u2019envergure mondiale.&#8221;<\/p>\n<\/div>\n<\/blockquote>\n","protected":false},"excerpt":{"rendered":"<p>Author(s) : Etienne Piguet Source : https:\/\/libra.unine.ch\/handle\/123456789\/3689 Abstract:<\/p>\n","protected":false},"author":4,"featured_media":0,"comment_status":"open","ping_status":"open","sticky":false,"template":"","format":"standard","meta":{"_kadence_starter_templates_imported_post":false,"_kad_post_transparent":"","_kad_post_title":"","_kad_post_layout":"","_kad_post_sidebar_id":"","_kad_post_content_style":"","_kad_post_vertical_padding":"","_kad_post_feature":"","_kad_post_feature_position":"","_kad_post_header":false,"_kad_post_footer":false,"_kad_post_classname":"","jetpack_post_was_ever_published":false,"_jetpack_newsletter_access":"","_jetpack_dont_email_post_to_subs":false,"_jetpack_newsletter_tier_id":0,"_jetpack_memberships_contains_paywalled_content":false,"_jetpack_memberships_contains_paid_content":false,"footnotes":""},"categories":[109],"tags":[14,7,49,575,644,565,52,108,36,212,279],"class_list":["post-3037","post","type-post","status-publish","format-standard","hentry","category-human-geography","tag-14","tag-article","tag-asylum-policy","tag-civil-society","tag-climate-change","tag-development-aid","tag-french-language","tag-geography","tag-migration-policy","tag-security","tag-socioeconomic-factors"],"jetpack_featured_media_url":"","jetpack_sharing_enabled":true,"_links":{"self":[{"href":"https:\/\/swissmig.unine.ch\/index.php?rest_route=\/wp\/v2\/posts\/3037","targetHints":{"allow":["GET"]}}],"collection":[{"href":"https:\/\/swissmig.unine.ch\/index.php?rest_route=\/wp\/v2\/posts"}],"about":[{"href":"https:\/\/swissmig.unine.ch\/index.php?rest_route=\/wp\/v2\/types\/post"}],"author":[{"embeddable":true,"href":"https:\/\/swissmig.unine.ch\/index.php?rest_route=\/wp\/v2\/users\/4"}],"replies":[{"embeddable":true,"href":"https:\/\/swissmig.unine.ch\/index.php?rest_route=%2Fwp%2Fv2%2Fcomments&post=3037"}],"version-history":[{"count":0,"href":"https:\/\/swissmig.unine.ch\/index.php?rest_route=\/wp\/v2\/posts\/3037\/revisions"}],"wp:attachment":[{"href":"https:\/\/swissmig.unine.ch\/index.php?rest_route=%2Fwp%2Fv2%2Fmedia&parent=3037"}],"wp:term":[{"taxonomy":"category","embeddable":true,"href":"https:\/\/swissmig.unine.ch\/index.php?rest_route=%2Fwp%2Fv2%2Fcategories&post=3037"},{"taxonomy":"post_tag","embeddable":true,"href":"https:\/\/swissmig.unine.ch\/index.php?rest_route=%2Fwp%2Fv2%2Ftags&post=3037"}],"curies":[{"name":"wp","href":"https:\/\/api.w.org\/{rel}","templated":true}]}}