{"id":3027,"date":"2019-09-30T08:00:55","date_gmt":"2019-09-30T07:00:55","guid":{"rendered":"https:\/\/swissmig.wordpress.com\/?p=3027"},"modified":"2019-09-30T08:00:55","modified_gmt":"2019-09-30T07:00:55","slug":"la-population-equatorienne-de-suisse-situation-actuelle-et-facteurs-explicatifs-de-la-migration-en-provenance-dequateur-vers-la-suisse","status":"publish","type":"post","link":"https:\/\/swissmig.unine.ch\/?p=3027","title":{"rendered":"La population \u00e9quatorienne de Suisse : situation actuelle et facteurs explicatifs de la migration en provenance d&#8217;Equateur vers la Suisse"},"content":{"rendered":"<h3>Author(s) : M\u00e9ryl Jeannin<\/h3>\n<h3>Source : <a href=\"https:\/\/libra.unine.ch\/handle\/123456789\/14286\" target=\"_blank\" rel=\"noopener\">https:\/\/libra.unine.ch\/handle\/123456789\/14286<\/a><\/h3>\n<p><strong>Abstract: <\/strong><!--more--><\/p>\n<blockquote>\n<div>\n<p>&#8220;Comparativement \u00e0 la situation dans d\u2019autres pays europ\u00e9ens, l\u2019immigration \u00e9quatorienne est rest\u00e9e relativement discr\u00e8te en Suisse, malgr\u00e9 un accroissement consid\u00e9rable depuis plus d\u2019une d\u00e9cennie. D\u00e8s 1996, nombre d\u2019\u00c9quatoriens ont rejoint la Suisse apr\u00e8s avoir quitt\u00e9 l\u2019\u00c9quateur. Les raisons de cette \u00e9migration sont vari\u00e9es, cependant, la situation socio-\u00e9conomique critique que traverse le pays depuis la crise des ann\u00e9es 90 en est la principale explication. L\u2019impossibilit\u00e9 de se projeter dans l\u2019avenir et de subvenir \u00e0 leur besoin a ainsi pouss\u00e9 beaucoup d\u2019\u00c9quatoriens \u00e0 \u00e9migrer. Leur venue en Suisse s\u2019explique non seulement par la pr\u00e9sence pr\u00e9alable de proches ou de connaissances dans la Conf\u00e9d\u00e9ration mais aussi par des motifs \u00e9conomiques. L\u2019immigration \u00e9quatorienne en Suisse se caract\u00e9rise par une forte pr\u00e9sence f\u00e9minine li\u00e9e aux possibilit\u00e9s d\u2019emploi et aux mariages mixtes, lesquels sont assez nombreux au sein de cette population, ainsi que par une surrepr\u00e9sentation des personnes en \u00e2ge actif \u2013li\u00e9e \u00e0 l\u2019aspect \u00e9conomique de cette migration- lesquelles sont majoritairement occup\u00e9es dans le secteur tertiaire de l\u2019\u00e9conomie suisse et notamment dans l\u2019h\u00f4tellerie-restauration. N\u00e9anmoins, si la population \u00e9quatorienne semble plut\u00f4t bien int\u00e9gr\u00e9e \u00e0 la soci\u00e9t\u00e9 suisse, il existe malgr\u00e9 tout encore des divergences par rapport au profil socio-\u00e9conomique helv\u00e9tique. D\u2019autre part, les immigrants \u00e9quatoriens ont mis en place diff\u00e9rentes pratiques transnationales avec l\u2019\u00c9quateur parmi lesquelles les transferts de fond qui sont devenus indispensables \u00e0 beaucoup de m\u00e9nages \u00e9quatoriens mais aussi au fonctionnement de l\u2019\u00e9conomie nationale. Ce travail pose ainsi un regard sur l\u2019\u00e9tat actuel de l\u2019immigration \u00e9quatorienne en Suisse et son \u00e9volution depuis le milieu des ann\u00e9es 90, mais \u00e9galement sur les facteurs explicatifs de cette migration, du choix du pays d\u2019accueil ainsi que sur les itin\u00e9raires et les possibilit\u00e9s de retour en Equateur.&#8221;<\/p>\n<div class=\"art-keywords in-tab hypothesis_container\">\n<p><strong>Mots cl\u00e9s<\/strong> : immigration\u00a0; Equateur\u00a0; int\u00e9gration\u00a0; transnationalisme\u00a0; transferts de fonds\u00a0; facteurs explicatifs\u00a0; r\u00e9partition socio-\u00e9conomique\u00a0; projet de retour\u00a0; itin\u00e9raire\u00a0; dur\u00e9e<strong>Keywords <\/strong>: immigration\u00a0; ecuador\u00a0; integration\u00a0; transnationalism\u00a0; money transfer\u00a0; factors of explanation\u00a0; socioeconomic repartition\u00a0; return\u00a0; itinerary<\/p>\n<\/div>\n<\/div>\n<\/blockquote>\n","protected":false},"excerpt":{"rendered":"<p>Author(s) : M\u00e9ryl Jeannin Source : https:\/\/libra.unine.ch\/handle\/123456789\/14286 Abstract:<\/p>\n","protected":false},"author":4,"featured_media":0,"comment_status":"open","ping_status":"open","sticky":false,"template":"","format":"standard","meta":{"_kadence_starter_templates_imported_post":false,"_kad_post_transparent":"","_kad_post_title":"","_kad_post_layout":"","_kad_post_sidebar_id":"","_kad_post_content_style":"","_kad_post_vertical_padding":"","_kad_post_feature":"","_kad_post_feature_position":"","_kad_post_header":false,"_kad_post_footer":false,"_kad_post_classname":"","jetpack_post_was_ever_published":false,"_jetpack_newsletter_access":"","_jetpack_dont_email_post_to_subs":false,"_jetpack_newsletter_tier_id":0,"_jetpack_memberships_contains_paywalled_content":false,"_jetpack_memberships_contains_paid_content":false,"footnotes":""},"categories":[24],"tags":[131,310,176,517,121,147,52,148,87,319,458,632,46,91,279,26],"class_list":["post-3027","post","type-post","status-publish","format-standard","hentry","category-society-family-racism","tag-131","tag-decision-making","tag-economic-integration","tag-ecuador","tag-ethnic-minorities","tag-family-reunification","tag-french-language","tag-gender","tag-history","tag-master-thesis","tag-migration-routes","tag-remittances","tag-return-migration","tag-social-integration","tag-socioeconomic-factors","tag-transnationalism"],"jetpack_featured_media_url":"","jetpack_sharing_enabled":true,"_links":{"self":[{"href":"https:\/\/swissmig.unine.ch\/index.php?rest_route=\/wp\/v2\/posts\/3027","targetHints":{"allow":["GET"]}}],"collection":[{"href":"https:\/\/swissmig.unine.ch\/index.php?rest_route=\/wp\/v2\/posts"}],"about":[{"href":"https:\/\/swissmig.unine.ch\/index.php?rest_route=\/wp\/v2\/types\/post"}],"author":[{"embeddable":true,"href":"https:\/\/swissmig.unine.ch\/index.php?rest_route=\/wp\/v2\/users\/4"}],"replies":[{"embeddable":true,"href":"https:\/\/swissmig.unine.ch\/index.php?rest_route=%2Fwp%2Fv2%2Fcomments&post=3027"}],"version-history":[{"count":0,"href":"https:\/\/swissmig.unine.ch\/index.php?rest_route=\/wp\/v2\/posts\/3027\/revisions"}],"wp:attachment":[{"href":"https:\/\/swissmig.unine.ch\/index.php?rest_route=%2Fwp%2Fv2%2Fmedia&parent=3027"}],"wp:term":[{"taxonomy":"category","embeddable":true,"href":"https:\/\/swissmig.unine.ch\/index.php?rest_route=%2Fwp%2Fv2%2Fcategories&post=3027"},{"taxonomy":"post_tag","embeddable":true,"href":"https:\/\/swissmig.unine.ch\/index.php?rest_route=%2Fwp%2Fv2%2Ftags&post=3027"}],"curies":[{"name":"wp","href":"https:\/\/api.w.org\/{rel}","templated":true}]}}