{"id":3013,"date":"2019-09-30T08:00:37","date_gmt":"2019-09-30T07:00:37","guid":{"rendered":"https:\/\/swissmig.wordpress.com\/?p=3013"},"modified":"2019-09-30T08:00:37","modified_gmt":"2019-09-30T07:00:37","slug":"detresse-psychologique-et-stress-post-traumatique-chez-les-deboutes-de-lasile-en-hebergement-collectif-psychological-distress-and-post-traumatic-stress-disorder-in-rejected-asylum-claimants","status":"publish","type":"post","link":"https:\/\/swissmig.unine.ch\/?p=3013","title":{"rendered":"D\u00e9tresse psychologique et stress post-traumatique chez les d\u00e9bout\u00e9s de l\u2019asile en h\u00e9bergement collectif \/ Psychological distress and post-traumatic stress disorder in rejected asylum claimants in collective accommodation"},"content":{"rendered":"<h3>Author(s) : Clarence Loosli-Avimadjessi, Jacqueline Wosinski, Marie-Laure Vetterli, Pascale Delafont<\/h3>\n<h3>Source : <a href=\"https:\/\/doi.org\/10.1016\/j.refiri.2015.01.003\">https:\/\/doi.org\/10.1016\/j.refiri.2015.01.003<\/a><\/h3>\n<p><strong>Abstract: <\/strong><!--more--><\/p>\n<blockquote>\n<div>\n<div id=\"abst0005\">\n<h3 id=\"sect0010\" class=\"u-h4 u-margin-m-top u-margin-xs-bottom\">Contexte<\/h3>\n<p id=\"spar0005\">Les requ\u00e9rants d\u2019asile des pays d\u00e9velopp\u00e9s rencontrent de plus en plus de difficult\u00e9s \u00e0 se faire admettre comme r\u00e9fugi\u00e9s. Des \u00e9vidences prouvent la forte pr\u00e9valence et la s\u00e9v\u00e9rit\u00e9 de maladies mentales chez les migrants, en particulier dans la population des requ\u00e9rants d\u2019asile.<\/p>\n<\/div>\n<div id=\"abst0010\">\n<h3 id=\"sect0015\" class=\"u-h4 u-margin-m-top u-margin-xs-bottom\">But<\/h3>\n<p id=\"spar0010\">Cette \u00e9tude d\u00e9crit le niveau de la d\u00e9tresse psychologique et du stress post-traumatique (PTSD), et explore la relation entre ces deux psychopathologies dans la population des requ\u00e9rants d\u2019asile ayant \u00e9t\u00e9 d\u00e9bout\u00e9s en Suisse et dont le d\u00e9lai de d\u00e9part est \u00e9chu.<\/p>\n<p><strong>Mots-cl\u00e9s<\/strong> : D\u00e9tresse psychologique, Pr\u00e9vention, PTSD, Requ\u00e9rant d\u2019asile, Stress post-traumatique<\/p>\n<div id=\"abst0030\">\n<h3 id=\"sect0040\" class=\"u-h4 u-margin-m-top u-margin-xs-bottom\">Context<\/h3>\n<p id=\"spar0030\">Asylum seekers from developed countries are finding it increasingly difficult to be accepted as refugees. There is evidence of the high prevalence and severity of mental illness among migrants, in particular within the population of asylum seekers.<\/p>\n<\/div>\n<div id=\"abst0035\">\n<h3 id=\"sect0045\" class=\"u-h4 u-margin-m-top u-margin-xs-bottom\">Objective<\/h3>\n<p id=\"spar0035\">This study describes the level of psychological distress and post-traumatic stress disorder (PTSD), and explores the relationship between these two psychopathologies in the population of failed asylum claimants in Switzerland whose departure date has expired.<\/p>\n<p><strong>Keywords<\/strong> : Asylum seeker, Post-traumatic stress disorder, Prevention, Psychological distress, PTSD<\/p>\n<\/div>\n<\/div>\n<\/div>\n<\/blockquote>\n","protected":false},"excerpt":{"rendered":"<p>Author(s) : Clarence Loosli-Avimadjessi, Jacqueline Wosinski, Marie-Laure Vetterli, Pascale Delafont&#8230;<\/p>\n","protected":false},"author":4,"featured_media":0,"comment_status":"open","ping_status":"open","sticky":false,"template":"","format":"standard","meta":{"_kadence_starter_templates_imported_post":false,"_kad_post_transparent":"","_kad_post_title":"","_kad_post_layout":"","_kad_post_sidebar_id":"","_kad_post_content_style":"","_kad_post_vertical_padding":"","_kad_post_feature":"","_kad_post_feature_position":"","_kad_post_header":false,"_kad_post_footer":false,"_kad_post_classname":"","jetpack_post_was_ever_published":false,"_jetpack_newsletter_access":"","_jetpack_dont_email_post_to_subs":false,"_jetpack_newsletter_tier_id":0,"_jetpack_memberships_contains_paywalled_content":false,"_jetpack_memberships_contains_paid_content":false,"footnotes":""},"categories":[59],"tags":[141,7,50,163,52,378,303,104,185,442,339,188],"class_list":["post-3013","post","type-post","status-publish","format-standard","hentry","category-health","tag-141","tag-article","tag-asylum-seekers","tag-deportation","tag-french-language","tag-housing","tag-legal-aspects","tag-living-conditions","tag-mental-health","tag-preventive-medicine","tag-psychological-problems","tag-ptsd"],"jetpack_featured_media_url":"","jetpack_sharing_enabled":true,"_links":{"self":[{"href":"https:\/\/swissmig.unine.ch\/index.php?rest_route=\/wp\/v2\/posts\/3013","targetHints":{"allow":["GET"]}}],"collection":[{"href":"https:\/\/swissmig.unine.ch\/index.php?rest_route=\/wp\/v2\/posts"}],"about":[{"href":"https:\/\/swissmig.unine.ch\/index.php?rest_route=\/wp\/v2\/types\/post"}],"author":[{"embeddable":true,"href":"https:\/\/swissmig.unine.ch\/index.php?rest_route=\/wp\/v2\/users\/4"}],"replies":[{"embeddable":true,"href":"https:\/\/swissmig.unine.ch\/index.php?rest_route=%2Fwp%2Fv2%2Fcomments&post=3013"}],"version-history":[{"count":0,"href":"https:\/\/swissmig.unine.ch\/index.php?rest_route=\/wp\/v2\/posts\/3013\/revisions"}],"wp:attachment":[{"href":"https:\/\/swissmig.unine.ch\/index.php?rest_route=%2Fwp%2Fv2%2Fmedia&parent=3013"}],"wp:term":[{"taxonomy":"category","embeddable":true,"href":"https:\/\/swissmig.unine.ch\/index.php?rest_route=%2Fwp%2Fv2%2Fcategories&post=3013"},{"taxonomy":"post_tag","embeddable":true,"href":"https:\/\/swissmig.unine.ch\/index.php?rest_route=%2Fwp%2Fv2%2Ftags&post=3013"}],"curies":[{"name":"wp","href":"https:\/\/api.w.org\/{rel}","templated":true}]}}