{"id":3008,"date":"2019-09-30T08:00:12","date_gmt":"2019-09-30T07:00:12","guid":{"rendered":"https:\/\/swissmig.wordpress.com\/?p=3008"},"modified":"2019-09-30T08:00:12","modified_gmt":"2019-09-30T07:00:12","slug":"lengagement-associatif-migrant-lausannois-entre-permanence-et-innovation","status":"publish","type":"post","link":"https:\/\/swissmig.unine.ch\/?p=3008","title":{"rendered":"L&#8217;engagement associatif migrant lausannois : entre permanence et innovation"},"content":{"rendered":"<h3>Author(s) : Laurent Matthey, No\u00eblie Merle, Christophe Mager<\/h3>\n<h3>Source : <a href=\"https:\/\/archive-ouverte.unige.ch\/unige:123139\">https:\/\/archive-ouverte.unige.ch\/unige:123139<\/a><\/h3>\n<p><strong>Abstract: <\/strong><!--more--><\/p>\n<blockquote>\n<div>\n<p>&#8220;Cette enqu\u00eate mandat\u00e9e par le Bureau lausannois pour les immigr\u00e9s (BLI) vise, au moyen d\u2019entretiens semi-directifs conduits aupr\u00e8s de cadres associatifs et d\u2019un focus group incluant un cercle \u00e9largi d\u2019intervenants de l\u2019associationnisme migrant lausannois, \u00e0 mieux comprendre les transformations \u00e0 l\u2019\u0153uvre dans le champ associatif. Le mat\u00e9riau recueilli par les chercheurs de l\u2019Universit\u00e9 de Gen\u00e8ve et de l&#8217;Universit\u00e9 de Lausanne a \u00e9t\u00e9 mis en rapport avec les r\u00e9sultats d\u2019un questionnaire administr\u00e9, \u00e0 l\u2019\u00e9t\u00e9 2017, par le BLI aupr\u00e8s des associations de migrants actives \u00e0 l\u2019\u00e9chelle de la commune. Certaines donn\u00e9es issues de ce questionnaire ont \u00e9t\u00e9 soumises par les mandataires \u00e0 une analyse en composantes principales, de mani\u00e8re \u00e0 mieux comprendre les caract\u00e9ristiques des grandes familles d\u2019associations lausannoises. &#8221;<\/p>\n<div class=\"art-keywords in-tab hypothesis_container\"><strong>Mots-cl\u00e9s<\/strong>:\u00a0Migration, Lausanne, Associations, G\u00e9ographie sociale, \u00c9tudes urbaines<\/div>\n<\/div>\n<\/blockquote>\n","protected":false},"excerpt":{"rendered":"<p>Author(s) : Laurent Matthey, No\u00eblie Merle, Christophe Mager Source :&#8230;<\/p>\n","protected":false},"author":4,"featured_media":0,"comment_status":"open","ping_status":"open","sticky":false,"template":"","format":"standard","meta":{"_kadence_starter_templates_imported_post":false,"_kad_post_transparent":"","_kad_post_title":"","_kad_post_layout":"","_kad_post_sidebar_id":"","_kad_post_content_style":"","_kad_post_vertical_padding":"","_kad_post_feature":"","_kad_post_feature_position":"","_kad_post_header":false,"_kad_post_footer":false,"_kad_post_classname":"","jetpack_post_was_ever_published":false,"_jetpack_newsletter_access":"","_jetpack_dont_email_post_to_subs":false,"_jetpack_newsletter_tier_id":0,"_jetpack_memberships_contains_paywalled_content":false,"_jetpack_memberships_contains_paid_content":false,"footnotes":""},"categories":[24],"tags":[582,119,400,409,430,52,154,482,122,180,249,91,312,392],"class_list":["post-3008","post","type-post","status-publish","format-standard","hentry","category-society-family-racism","tag-582","tag-associations","tag-cultural-competency","tag-cultural-diversity","tag-focus-group","tag-french-language","tag-interviews","tag-lausanne","tag-migrants","tag-multiculturalism","tag-report","tag-social-integration","tag-social-work","tag-urban-policy"],"jetpack_featured_media_url":"","jetpack_sharing_enabled":true,"_links":{"self":[{"href":"https:\/\/swissmig.unine.ch\/index.php?rest_route=\/wp\/v2\/posts\/3008","targetHints":{"allow":["GET"]}}],"collection":[{"href":"https:\/\/swissmig.unine.ch\/index.php?rest_route=\/wp\/v2\/posts"}],"about":[{"href":"https:\/\/swissmig.unine.ch\/index.php?rest_route=\/wp\/v2\/types\/post"}],"author":[{"embeddable":true,"href":"https:\/\/swissmig.unine.ch\/index.php?rest_route=\/wp\/v2\/users\/4"}],"replies":[{"embeddable":true,"href":"https:\/\/swissmig.unine.ch\/index.php?rest_route=%2Fwp%2Fv2%2Fcomments&post=3008"}],"version-history":[{"count":0,"href":"https:\/\/swissmig.unine.ch\/index.php?rest_route=\/wp\/v2\/posts\/3008\/revisions"}],"wp:attachment":[{"href":"https:\/\/swissmig.unine.ch\/index.php?rest_route=%2Fwp%2Fv2%2Fmedia&parent=3008"}],"wp:term":[{"taxonomy":"category","embeddable":true,"href":"https:\/\/swissmig.unine.ch\/index.php?rest_route=%2Fwp%2Fv2%2Fcategories&post=3008"},{"taxonomy":"post_tag","embeddable":true,"href":"https:\/\/swissmig.unine.ch\/index.php?rest_route=%2Fwp%2Fv2%2Ftags&post=3008"}],"curies":[{"name":"wp","href":"https:\/\/api.w.org\/{rel}","templated":true}]}}