{"id":2975,"date":"2019-09-16T08:00:38","date_gmt":"2019-09-16T07:00:38","guid":{"rendered":"https:\/\/swissmig.wordpress.com\/?p=2975"},"modified":"2019-09-16T08:00:38","modified_gmt":"2019-09-16T07:00:38","slug":"un-africain-restera-un-africain-discours-ethniques-de-migrant-e-s-dorigine-africaine-en-suisse","status":"publish","type":"post","link":"https:\/\/swissmig.unine.ch\/?p=2975","title":{"rendered":"&#8220;Un Africain restera un Africain&#8221;: discours ethniques de migrant-e-s d\u2019origine africaine en Suisse"},"content":{"rendered":"<h3>Author(s) : C\u00e9cile Navarro<\/h3>\n<h3>Source : <a href=\"https:\/\/libra.unine.ch\/handle\/123456789\/11407\" target=\"_blank\" rel=\"noopener\">https:\/\/libra.unine.ch\/handle\/123456789\/11407<\/a><\/h3>\n<p><strong>Abstract: <\/strong><!--more--><\/p>\n<blockquote>\n<div>&#8220;L\u2019affiche des Moutons Noirs et les diff\u00e9rentes initiatives lanc\u00e9es par l\u2019UDC sur l\u2019immigration et le r\u00e9gime d\u2019asile ainsi que, plus r\u00e9cemment les d\u00e9clarations de l\u2019ancien directeur de l\u2019Office f\u00e9d\u00e9ral des migrations concernant la criminalit\u00e9 des requ\u00e9rants d\u2019asile nig\u00e9rians, permettent de saisir la probl\u00e9matisation croissante ces derni\u00e8res ann\u00e9es de la population migrante d\u2019origine africaine en Suisse. Sur la base d\u2019entretiens r\u00e9alis\u00e9s avec des migrant-e-s d\u2019origine africaine, le pr\u00e9sent m\u00e9moire s\u2019int\u00e9resse ainsi \u00e0 la fa\u00e7on dont des individus parlent de leur affiliation avec un groupe socialement d\u00e9valoris\u00e9. Ancr\u00e9 dans une approche interactionniste de l\u2019ethnicit\u00e9, il s\u2019agit de comprendre la port\u00e9e performative de l\u2019existence d\u2019une identit\u00e9 sociale n\u00e9gative appliqu\u00e9e \u00e0 un certain groupe dans la mani\u00e8re dont des individus sont amen\u00e9s (ou pas) \u00e0 reprendre \u00e0 leur compte cette appartenance. L\u2019analyse discursive montre ainsi que si l\u2019appartenance au groupe peut sembler \u00e9vidente aux yeux de ses individus, \u00e9vidence rattach\u00e9e \u00e0 une certaine couleur de peau, les sentiments \u00e0 l\u2019\u00e9gard de cette appartenance au groupe sont ambivalents et rel\u00e8vent de ph\u00e9nom\u00e8nes complexes de distanciation et de revendication. La signification rh\u00e9torique de l\u2019appartenance \u00e0 un groupe &#8220;Africain&#8221; appara\u00eet ainsi d\u2019abord au sein de dialectiques reprenant et prolongeant la diff\u00e9rence \u00e9tablie entre Suisses et &#8220;Africains&#8221; et entre Suisses et \u00e9trangers par rapport \u00e0 laquelle ces individus se positionnent, notamment en faisant appel \u00e0 une certaine rh\u00e9torique bas\u00e9e sur la notion d\u2019&#8221;int\u00e9gration&#8221;.&#8221;<\/div>\n<div><\/div>\n<div><strong>Mots cl\u00e9s : <\/strong>Ethnicit\u00e9\u00a0; migrant-e-s d\u2019origine africaine\u00a0; cat\u00e9gorisation\/identification\u00a0; strat\u00e9gies identitaires\u00a0; int\u00e9gration\u00a0; Suisse<strong>Keywords :<\/strong> Ethnicity\u00a0; African migrants\u00a0; categorization\/identification\u00a0; identitary strategies\u00a0; integration\u00a0; Switzerland<\/div>\n<\/blockquote>\n","protected":false},"excerpt":{"rendered":"<p>Author(s) : C\u00e9cile Navarro Source : https:\/\/libra.unine.ch\/handle\/123456789\/11407 Abstract:<\/p>\n","protected":false},"author":4,"featured_media":0,"comment_status":"open","ping_status":"open","sticky":false,"template":"","format":"standard","meta":{"_kadence_starter_templates_imported_post":false,"_kad_post_transparent":"","_kad_post_title":"","_kad_post_layout":"","_kad_post_sidebar_id":"","_kad_post_content_style":"","_kad_post_vertical_padding":"","_kad_post_feature":"","_kad_post_feature_position":"","_kad_post_header":false,"_kad_post_footer":false,"_kad_post_classname":"","jetpack_post_was_ever_published":false,"_jetpack_newsletter_access":"","_jetpack_dont_email_post_to_subs":false,"_jetpack_newsletter_tier_id":0,"_jetpack_memberships_contains_paywalled_content":false,"_jetpack_memberships_contains_paid_content":false,"footnotes":""},"categories":[167],"tags":[256,239,37,281,92,151,82,259,52,319,122,91,68],"class_list":["post-2975","post","type-post","status-publish","format-standard","hentry","category-ethnicity-languages-religion-arts","tag-256","tag-africans","tag-attitudes-towards-migrants","tag-belonging","tag-country-of-origin","tag-cultural-identity","tag-ethnic-discrimination","tag-ethnicity","tag-french-language","tag-master-thesis","tag-migrants","tag-social-integration","tag-sociolinguistics"],"jetpack_featured_media_url":"","jetpack_sharing_enabled":true,"_links":{"self":[{"href":"https:\/\/swissmig.unine.ch\/index.php?rest_route=\/wp\/v2\/posts\/2975","targetHints":{"allow":["GET"]}}],"collection":[{"href":"https:\/\/swissmig.unine.ch\/index.php?rest_route=\/wp\/v2\/posts"}],"about":[{"href":"https:\/\/swissmig.unine.ch\/index.php?rest_route=\/wp\/v2\/types\/post"}],"author":[{"embeddable":true,"href":"https:\/\/swissmig.unine.ch\/index.php?rest_route=\/wp\/v2\/users\/4"}],"replies":[{"embeddable":true,"href":"https:\/\/swissmig.unine.ch\/index.php?rest_route=%2Fwp%2Fv2%2Fcomments&post=2975"}],"version-history":[{"count":0,"href":"https:\/\/swissmig.unine.ch\/index.php?rest_route=\/wp\/v2\/posts\/2975\/revisions"}],"wp:attachment":[{"href":"https:\/\/swissmig.unine.ch\/index.php?rest_route=%2Fwp%2Fv2%2Fmedia&parent=2975"}],"wp:term":[{"taxonomy":"category","embeddable":true,"href":"https:\/\/swissmig.unine.ch\/index.php?rest_route=%2Fwp%2Fv2%2Fcategories&post=2975"},{"taxonomy":"post_tag","embeddable":true,"href":"https:\/\/swissmig.unine.ch\/index.php?rest_route=%2Fwp%2Fv2%2Ftags&post=2975"}],"curies":[{"name":"wp","href":"https:\/\/api.w.org\/{rel}","templated":true}]}}