{"id":2967,"date":"2019-09-16T08:00:39","date_gmt":"2019-09-16T07:00:39","guid":{"rendered":"https:\/\/swissmig.wordpress.com\/?p=2967"},"modified":"2019-09-16T08:00:39","modified_gmt":"2019-09-16T07:00:39","slug":"zur-bedeutung-soziodemografischer-sportbezogener-und-soziokultureller-merkmale-fur-die-soziale-integration-junger-migranten-in-schweizer-sportvereinen-the-role-of-socio-demographic-sports-related","status":"publish","type":"post","link":"https:\/\/swissmig.unine.ch\/?p=2967","title":{"rendered":"Zur Bedeutung soziodemografischer, sportbezogener und soziokultureller Merkmale f\u00fcr die soziale Integration junger Migranten in Schweizer Sportvereinen \/ The role of socio-demographic, sports-related, and socio-cultural factors for the social integration of young migrants in Swiss sports clubs"},"content":{"rendered":"<h3>Author(s) : Jenny Adler Zwahlen, Siegfried Nagel, Torsten Schlesinger<\/h3>\n<h3>Source : <a href=\"https:\/\/www.degruyter.com\/view\/j\/sug.2019.16.issue-2\/sug-2019-0008\/sug-2019-0008.xml\">https:\/\/www.degruyter.com\/view\/j\/sug.2019.16.issue-2\/sug-2019-0008\/sug-2019-0008.xml<\/a><\/h3>\n<p><strong>Abstract: <\/strong><!--more--><\/p>\n<blockquote>\n<div>\n<div class=\"articleBody_abstract\">\n<p>&#8220;Dieser Beitrag analysiert, basierend auf Essers (2009) vierdimensionalem Integrationskonzept, das Ausma\u00df der sozialen Integration von einheimischen und immigrierten Mitgliedern im Vereinssport (<em>n<\/em> = 780; <em>M<\/em><sub>Alter<\/sub> = 20.62; 38.2 % weiblich; 38.5 % mit Migrationshintergrund). Dabei interessierte der Einfluss soziodemografischer, sportbezogener sowie soziokultureller Merkmale. Mitglieder der ersten Migrationsgeneration waren entlang dreier Integrationsdimensionen weniger stark integriert als einheimische und immigrierte Mitglieder der zweiten bzw. dritten Generation. Multiple Regressionsanalysen verdeutlichten, dass einige Merkmale signifikant mit den Integrationsdimensionen zusammenh\u00e4ngen (Mitgliedschaftsdauer, elterliche Sportvereinsaktivit\u00e4t, Wertorientierung, bikulturelle Integrationseinstellung) und somit relevanter f\u00fcr die soziale Integration sind als andere (Identit\u00e4t, Nationalit\u00e4t).&#8221;<\/p>\n<p>&nbsp;<\/p>\n<\/div>\n<div class=\"articleBody_transAbstract\">\n<p>&#8220;This paper analyses the extent of social integration of native and immigrant members of sport clubs, using Esser&#8217;s (2009) four-dimensional integration concept (<em>n<\/em> = 780; <em>M<\/em><sub>Age<\/sub> = 20.62; 38.5 % with migration background). Of particular interest was the influence of socio-demographic, sports-related, and socio-cultural characteristics. Members of the clubs who were first generation were less integrated along three integration dimensions than the native and second- and third-generation immigrant members. Multiple regression analyses demonstrated that some characteristics are significantly related to integration dimensions (membership duration, parental sports club activity, value orientation, bicultural integration attitude) and thus more relevant to social integration than others (identity, nationality).&#8221;<\/p>\n<\/div>\n<\/div>\n<\/blockquote>\n","protected":false},"excerpt":{"rendered":"<p>Author(s) : Jenny Adler Zwahlen, Siegfried Nagel, Torsten Schlesinger Source&#8230;<\/p>\n","protected":false},"author":4,"featured_media":0,"comment_status":"open","ping_status":"open","sticky":false,"template":"","format":"standard","meta":{"_kadence_starter_templates_imported_post":false,"_kad_post_transparent":"","_kad_post_title":"","_kad_post_layout":"","_kad_post_sidebar_id":"","_kad_post_content_style":"","_kad_post_vertical_padding":"","_kad_post_feature":"","_kad_post_feature_position":"","_kad_post_header":false,"_kad_post_footer":false,"_kad_post_classname":"","jetpack_post_was_ever_published":false,"_jetpack_newsletter_access":"","_jetpack_dont_email_post_to_subs":false,"_jetpack_newsletter_tier_id":0,"_jetpack_memberships_contains_paywalled_content":false,"_jetpack_memberships_contains_paid_content":false,"footnotes":""},"categories":[24],"tags":[582,7,57,151,120,225,73,122,103,145,91,422,155,118],"class_list":["post-2967","post","type-post","status-publish","format-standard","hentry","category-society-family-racism","tag-582","tag-article","tag-comparative-analysis","tag-cultural-identity","tag-data-analysis","tag-first-generation","tag-german-language","tag-migrants","tag-refugees","tag-second-generation","tag-social-integration","tag-sociology","tag-sport","tag-youth"],"jetpack_featured_media_url":"","jetpack_sharing_enabled":true,"_links":{"self":[{"href":"https:\/\/swissmig.unine.ch\/index.php?rest_route=\/wp\/v2\/posts\/2967","targetHints":{"allow":["GET"]}}],"collection":[{"href":"https:\/\/swissmig.unine.ch\/index.php?rest_route=\/wp\/v2\/posts"}],"about":[{"href":"https:\/\/swissmig.unine.ch\/index.php?rest_route=\/wp\/v2\/types\/post"}],"author":[{"embeddable":true,"href":"https:\/\/swissmig.unine.ch\/index.php?rest_route=\/wp\/v2\/users\/4"}],"replies":[{"embeddable":true,"href":"https:\/\/swissmig.unine.ch\/index.php?rest_route=%2Fwp%2Fv2%2Fcomments&post=2967"}],"version-history":[{"count":0,"href":"https:\/\/swissmig.unine.ch\/index.php?rest_route=\/wp\/v2\/posts\/2967\/revisions"}],"wp:attachment":[{"href":"https:\/\/swissmig.unine.ch\/index.php?rest_route=%2Fwp%2Fv2%2Fmedia&parent=2967"}],"wp:term":[{"taxonomy":"category","embeddable":true,"href":"https:\/\/swissmig.unine.ch\/index.php?rest_route=%2Fwp%2Fv2%2Fcategories&post=2967"},{"taxonomy":"post_tag","embeddable":true,"href":"https:\/\/swissmig.unine.ch\/index.php?rest_route=%2Fwp%2Fv2%2Ftags&post=2967"}],"curies":[{"name":"wp","href":"https:\/\/api.w.org\/{rel}","templated":true}]}}