{"id":2951,"date":"2019-09-02T08:00:25","date_gmt":"2019-09-02T07:00:25","guid":{"rendered":"https:\/\/swissmig.wordpress.com\/?p=2951"},"modified":"2026-02-23T14:31:48","modified_gmt":"2026-02-23T13:31:48","slug":"les-associations-dimmigres-extra-europeens-en-valais-romand-quelle-integration","status":"publish","type":"post","link":"https:\/\/swissmig.unine.ch\/?p=2951","title":{"rendered":"Les associations d&#8217;immigr\u00e9s extra-europ\u00e9ens en Valais romand: quelle int\u00e9gration?"},"content":{"rendered":"<h3>Author(s) : Maurice Besson<\/h3>\n<h3>Source : <a href=\"https:\/\/unine.swisscovery.slsp.ch\/permalink\/41SLSP_UNE\/128g5ca\/alma991087634439705501\" target=\"_blank\" rel=\"noopener\">https:\/\/unine.swisscovery.slsp.ch\/permalink\/41SLSP_UNE\/128g5ca\/alma991087634439705501<\/a><\/h3>\n<p><strong>Abstract: <\/strong><!--more--><\/p>\n<blockquote>\n<div>&#8220;Le pr\u00e9sent travail consiste \u00e0 comprendre en quoi les associations de migrants extra-europ\u00e9ens du Valais romand encouragent l\u2019int\u00e9gration des personnes migrantes dans la soci\u00e9t\u00e9 d\u2019accueil. L\u2019int\u00e9gration est con\u00e7ue ici comme d\u00e9pendante de l\u2019acc\u00e8s \u00e0 la participation citoyenne et \u00e0 la reconnaissance. L\u2019intuition de d\u00e9part \u00e9tant que la constitution de groupes et d\u2019associations autonomes partant de l\u2019initiative de personnes migrantes favorise l\u2019int\u00e9gration par des pratiques de solidarit\u00e9s, la cr\u00e9ation de liens et par la possibilit\u00e9 de faire valoir des droits et d\u2019obtenir une reconnaissance. D\u2019apr\u00e8s l\u2019exploration de terrain, il existe actuellement dans le Valais francophone quinze associations d\u2019immigr\u00e9s extra-europ\u00e9ens. Sept d\u2019entre elles ont \u00e9t\u00e9 rencontr\u00e9es. Les r\u00e9sultats de ce travail montre que les associations rencontr\u00e9es favorisent l\u2019int\u00e9gration car elles entretiennent des r\u00e9seaux compos\u00e9s de nombreux liens avec l\u2019Etat et le tiers secteur de la soci\u00e9t\u00e9 d\u2019accueil et permettent la cr\u00e9ation de pratiques de solidarit\u00e9s entre migrants.&#8221;<\/div>\n<\/blockquote>\n","protected":false},"excerpt":{"rendered":"<p>Author(s) : Maurice Besson Source : https:\/\/unine.swisscovery.slsp.ch\/permalink\/41SLSP_UNE\/128g5ca\/alma991087634439705501 Abstract:<\/p>\n","protected":false},"author":4,"featured_media":0,"comment_status":"open","ping_status":"open","sticky":false,"template":"","format":"standard","meta":{"_kadence_starter_templates_imported_post":false,"_kad_post_transparent":"","_kad_post_title":"","_kad_post_layout":"","_kad_post_sidebar_id":"","_kad_post_content_style":"","_kad_post_vertical_padding":"","_kad_post_feature":"","_kad_post_feature_position":"","_kad_post_header":false,"_kad_post_footer":false,"_kad_post_classname":"","jetpack_post_was_ever_published":false,"_jetpack_newsletter_access":"","_jetpack_dont_email_post_to_subs":false,"_jetpack_newsletter_tier_id":0,"_jetpack_memberships_contains_paywalled_content":false,"_jetpack_memberships_contains_paid_content":false,"footnotes":""},"categories":[12],"tags":[134,119,136,52,387,319,90,91,207,25,369],"class_list":["post-2951","post","type-post","status-publish","format-standard","hentry","category-politics","tag-134","tag-associations","tag-diasporas","tag-french-language","tag-integration-policy","tag-master-thesis","tag-reception-policy","tag-social-integration","tag-social-networks","tag-solidarity","tag-valais"],"jetpack_featured_media_url":"","jetpack_sharing_enabled":true,"_links":{"self":[{"href":"https:\/\/swissmig.unine.ch\/index.php?rest_route=\/wp\/v2\/posts\/2951","targetHints":{"allow":["GET"]}}],"collection":[{"href":"https:\/\/swissmig.unine.ch\/index.php?rest_route=\/wp\/v2\/posts"}],"about":[{"href":"https:\/\/swissmig.unine.ch\/index.php?rest_route=\/wp\/v2\/types\/post"}],"author":[{"embeddable":true,"href":"https:\/\/swissmig.unine.ch\/index.php?rest_route=\/wp\/v2\/users\/4"}],"replies":[{"embeddable":true,"href":"https:\/\/swissmig.unine.ch\/index.php?rest_route=%2Fwp%2Fv2%2Fcomments&post=2951"}],"version-history":[{"count":1,"href":"https:\/\/swissmig.unine.ch\/index.php?rest_route=\/wp\/v2\/posts\/2951\/revisions"}],"predecessor-version":[{"id":38603,"href":"https:\/\/swissmig.unine.ch\/index.php?rest_route=\/wp\/v2\/posts\/2951\/revisions\/38603"}],"wp:attachment":[{"href":"https:\/\/swissmig.unine.ch\/index.php?rest_route=%2Fwp%2Fv2%2Fmedia&parent=2951"}],"wp:term":[{"taxonomy":"category","embeddable":true,"href":"https:\/\/swissmig.unine.ch\/index.php?rest_route=%2Fwp%2Fv2%2Fcategories&post=2951"},{"taxonomy":"post_tag","embeddable":true,"href":"https:\/\/swissmig.unine.ch\/index.php?rest_route=%2Fwp%2Fv2%2Ftags&post=2951"}],"curies":[{"name":"wp","href":"https:\/\/api.w.org\/{rel}","templated":true}]}}