{"id":2937,"date":"2019-08-26T08:00:29","date_gmt":"2019-08-26T07:00:29","guid":{"rendered":"https:\/\/swissmig.wordpress.com\/?p=2937"},"modified":"2019-08-26T08:00:29","modified_gmt":"2019-08-26T07:00:29","slug":"quelques-eclairages-sur-les-jeunes-issus-de-limmigration-en-suisse","status":"publish","type":"post","link":"https:\/\/swissmig.unine.ch\/?p=2937","title":{"rendered":"Quelques \u00e9clairages sur les jeunes issus de l\u2019immigration en Suisse"},"content":{"rendered":"<h3>Author(s) : Etienne Piguet<\/h3>\n<h3>Source : <a href=\"https:\/\/libra.unine.ch\/handle\/123456789\/15403\" target=\"_blank\" rel=\"noopener\">https:\/\/libra.unine.ch\/handle\/123456789\/15403<\/a><\/h3>\n<p><strong>Abstract: <\/strong><!--more--><\/p>\n<blockquote>\n<div>&#8220;En Suisse, plus d\u2019un nouveau-n\u00e9 sur quatre a deux parents de nationalit\u00e9 \u00e9trang\u00e8re et on compte 22.6% d\u2019\u00e9trangers au sein de la population de moins de 25 ans. Ces chiffres, \u00e9lev\u00e9s en comparaison europ\u00e9enne, sont dus en partie \u00e0 la pratique restrictive de la Suisse en mati\u00e8re de naturalisation. Ils indiquent cependant aussi l\u2019ampleur de l\u2019enjeu que repr\u00e9sente la participation de cette \u00abseconde g\u00e9n\u00e9ration d\u2019immigrants \u00bb \u00e0 la soci\u00e9t\u00e9 suisse. Dans cet article, on s\u2019interrogera sur la place occup\u00e9e par les jeunes issus de la migration et sur son \u00e9volution depuis 1970.&#8221;<\/div>\n<\/blockquote>\n","protected":false},"excerpt":{"rendered":"<p>Author(s) : Etienne Piguet Source : https:\/\/libra.unine.ch\/handle\/123456789\/15403 Abstract:<\/p>\n","protected":false},"author":4,"featured_media":0,"comment_status":"open","ping_status":"open","sticky":false,"template":"","format":"standard","meta":{"_kadence_starter_templates_imported_post":false,"_kad_post_transparent":"","_kad_post_title":"","_kad_post_layout":"","_kad_post_sidebar_id":"","_kad_post_content_style":"","_kad_post_vertical_padding":"","_kad_post_feature":"","_kad_post_feature_position":"","_kad_post_header":false,"_kad_post_footer":false,"_kad_post_classname":"","jetpack_post_was_ever_published":false,"_jetpack_newsletter_access":"","_jetpack_dont_email_post_to_subs":false,"_jetpack_newsletter_tier_id":0,"_jetpack_memberships_contains_paywalled_content":false,"_jetpack_memberships_contains_paid_content":false,"footnotes":""},"categories":[109],"tags":[425,7,92,151,552,52,87,98,93,145,264,91,118],"class_list":["post-2937","post","type-post","status-publish","format-standard","hentry","category-human-geography","tag-425","tag-article","tag-country-of-origin","tag-cultural-identity","tag-demographic-impact","tag-french-language","tag-history","tag-immigration-policy","tag-naturalization","tag-second-generation","tag-skills","tag-social-integration","tag-youth"],"jetpack_featured_media_url":"","jetpack_sharing_enabled":true,"_links":{"self":[{"href":"https:\/\/swissmig.unine.ch\/index.php?rest_route=\/wp\/v2\/posts\/2937","targetHints":{"allow":["GET"]}}],"collection":[{"href":"https:\/\/swissmig.unine.ch\/index.php?rest_route=\/wp\/v2\/posts"}],"about":[{"href":"https:\/\/swissmig.unine.ch\/index.php?rest_route=\/wp\/v2\/types\/post"}],"author":[{"embeddable":true,"href":"https:\/\/swissmig.unine.ch\/index.php?rest_route=\/wp\/v2\/users\/4"}],"replies":[{"embeddable":true,"href":"https:\/\/swissmig.unine.ch\/index.php?rest_route=%2Fwp%2Fv2%2Fcomments&post=2937"}],"version-history":[{"count":0,"href":"https:\/\/swissmig.unine.ch\/index.php?rest_route=\/wp\/v2\/posts\/2937\/revisions"}],"wp:attachment":[{"href":"https:\/\/swissmig.unine.ch\/index.php?rest_route=%2Fwp%2Fv2%2Fmedia&parent=2937"}],"wp:term":[{"taxonomy":"category","embeddable":true,"href":"https:\/\/swissmig.unine.ch\/index.php?rest_route=%2Fwp%2Fv2%2Fcategories&post=2937"},{"taxonomy":"post_tag","embeddable":true,"href":"https:\/\/swissmig.unine.ch\/index.php?rest_route=%2Fwp%2Fv2%2Ftags&post=2937"}],"curies":[{"name":"wp","href":"https:\/\/api.w.org\/{rel}","templated":true}]}}