{"id":2921,"date":"2019-08-26T08:00:18","date_gmt":"2019-08-26T07:00:18","guid":{"rendered":"https:\/\/swissmig.wordpress.com\/?p=2921"},"modified":"2019-08-26T08:00:18","modified_gmt":"2019-08-26T07:00:18","slug":"identite-communication-interculturelle-et-culture-politique-le-cas-de-la-suisse","status":"publish","type":"post","link":"https:\/\/swissmig.unine.ch\/?p=2921","title":{"rendered":"Identit\u00e9, communication interculturelle et culture politique : Le cas de la Suisse"},"content":{"rendered":"<h3>Author(s) : Uli Windisch<\/h3>\n<h3>Source : <a href=\"http:\/\/hdl.handle.net\/2042\/14718\">http:\/\/hdl.handle.net\/2042\/14718<\/a><\/h3>\n<p><strong>Abstract: <\/strong><!--more--><\/p>\n<blockquote>\n<div>&#8220;La situation concr\u00e8te de la Suisse plurilingue et pluriculturelle illustre l&#8217;impossibilit\u00e9 de comprendre la diversit\u00e9 culturelle croissante des pays europ\u00e9ens ayant connu une forte immigration en termes dichotomiques et manich\u00e9ens du genre multiculturalisme\/citoyennet\u00e9 ; relativisme culturel\/assimilation ; diff\u00e9rences culturelles\/unit\u00e9 nationale, etc. Plus g\u00e9n\u00e9ralement, on remarque dans la recherche une tendance \u00e0 vouloir aborder des th\u00e8mes comme ceux de la diversit\u00e9 culturelle et de l&#8217;immigration de mani\u00e8re purement th\u00e9orique, abstraite et universelle. Chaque chercheur a sa th\u00e9orie et veut imposer sa v\u00e9rit\u00e9, souvent par une sorte de coup d&#8217;\u00c9tat th\u00e9orique. Les recherches approfondies et les donn\u00e9es empiriques passent volontiers au second plan. Cela montre \u00e0 quel point la diversification culturelle \u00e0 la suite de l&#8217;immigration et de l&#8217;ensemble des mouvements de population n&#8217;est pas un th\u00e8me neutre politiquement.&#8221;<\/div>\n<\/blockquote>\n","protected":false},"excerpt":{"rendered":"<p>Author(s) : Uli Windisch Source : http:\/\/hdl.handle.net\/2042\/14718 Abstract:<\/p>\n","protected":false},"author":4,"featured_media":0,"comment_status":"open","ping_status":"open","sticky":false,"template":"","format":"standard","meta":{"_kadence_starter_templates_imported_post":false,"_kad_post_transparent":"","_kad_post_title":"","_kad_post_layout":"","_kad_post_sidebar_id":"","_kad_post_content_style":"","_kad_post_vertical_padding":"","_kad_post_feature":"","_kad_post_feature_position":"","_kad_post_header":false,"_kad_post_footer":false,"_kad_post_classname":"","jetpack_post_was_ever_published":false,"_jetpack_newsletter_access":"","_jetpack_dont_email_post_to_subs":false,"_jetpack_newsletter_tier_id":0,"_jetpack_memberships_contains_paywalled_content":false,"_jetpack_memberships_contains_paid_content":false,"footnotes":""},"categories":[167],"tags":[425,7,70,173,409,58,52,66,180,372,74],"class_list":["post-2921","post","type-post","status-publish","format-standard","hentry","category-ethnicity-languages-religion-arts","tag-425","tag-article","tag-citizenship","tag-cross-cultural-communication","tag-cultural-diversity","tag-europe","tag-french-language","tag-migration","tag-multiculturalism","tag-multilingualism","tag-theory"],"jetpack_featured_media_url":"","jetpack_sharing_enabled":true,"_links":{"self":[{"href":"https:\/\/swissmig.unine.ch\/index.php?rest_route=\/wp\/v2\/posts\/2921","targetHints":{"allow":["GET"]}}],"collection":[{"href":"https:\/\/swissmig.unine.ch\/index.php?rest_route=\/wp\/v2\/posts"}],"about":[{"href":"https:\/\/swissmig.unine.ch\/index.php?rest_route=\/wp\/v2\/types\/post"}],"author":[{"embeddable":true,"href":"https:\/\/swissmig.unine.ch\/index.php?rest_route=\/wp\/v2\/users\/4"}],"replies":[{"embeddable":true,"href":"https:\/\/swissmig.unine.ch\/index.php?rest_route=%2Fwp%2Fv2%2Fcomments&post=2921"}],"version-history":[{"count":0,"href":"https:\/\/swissmig.unine.ch\/index.php?rest_route=\/wp\/v2\/posts\/2921\/revisions"}],"wp:attachment":[{"href":"https:\/\/swissmig.unine.ch\/index.php?rest_route=%2Fwp%2Fv2%2Fmedia&parent=2921"}],"wp:term":[{"taxonomy":"category","embeddable":true,"href":"https:\/\/swissmig.unine.ch\/index.php?rest_route=%2Fwp%2Fv2%2Fcategories&post=2921"},{"taxonomy":"post_tag","embeddable":true,"href":"https:\/\/swissmig.unine.ch\/index.php?rest_route=%2Fwp%2Fv2%2Ftags&post=2921"}],"curies":[{"name":"wp","href":"https:\/\/api.w.org\/{rel}","templated":true}]}}