{"id":2908,"date":"2019-08-19T08:00:30","date_gmt":"2019-08-19T07:00:30","guid":{"rendered":"https:\/\/swissmig.wordpress.com\/?p=2908"},"modified":"2019-08-19T08:00:30","modified_gmt":"2019-08-19T07:00:30","slug":"von-fremdarbeitern-und-vorzeigemigrantinnen-hinnweise-auf-die-migrationsgeschichte-der-schweiz","status":"publish","type":"post","link":"https:\/\/swissmig.unine.ch\/?p=2908","title":{"rendered":"Von Fremdarbeitern und Vorzeigemigrantinnen : Hinnweise auf die Migrationsgeschichte der Schweiz"},"content":{"rendered":"<h3>Author(s) : Denise Efionayi-M\u00e4der<\/h3>\n<h3>Source : <a href=\"http:\/\/bit.ly\/2KFKZ57\">http:\/\/bit.ly\/2KFKZ57<\/a><\/h3>\n<p><strong>Abstract: <\/strong><!--more--><\/p>\n<blockquote>\n<div>&#8220;Dieser Beitrag zeichnet in Abschnitt 2 die wichtigsten Etappen der Migrationsgeschichte der Schweiz nach: Er setzt bei der ersten Globalisierungswelle an, die den \u00dcbergang vom Auswanderungs- zum Einwanderungsland Ende des 19. Jahrhunderts besiegelte und mit dem ersten Weltkrieg in die Gr\u00fcndung eines nationalen Migrationsregimes einm\u00fcndete, das die migrationspolitische Lage in mehrfacher Hinsicht nachhaltig pr\u00e4gen sollte. Nach einer kurzen R\u00fcckblende in die Zwischen-kriegszeit wird die Fl\u00fcchtlingspolitik nach dem Zweiten Weltkrieg bis in die Gegenwart beleuchtet.&#8221;<\/div>\n<\/blockquote>\n","protected":false},"excerpt":{"rendered":"<p>Author(s) : Denise Efionayi-M\u00e4der Source : http:\/\/bit.ly\/2KFKZ57 Abstract:<\/p>\n","protected":false},"author":4,"featured_media":0,"comment_status":"open","ping_status":"open","sticky":false,"template":"","format":"standard","meta":{"_kadence_starter_templates_imported_post":false,"_kad_post_transparent":"","_kad_post_title":"","_kad_post_layout":"","_kad_post_sidebar_id":"","_kad_post_content_style":"","_kad_post_vertical_padding":"","_kad_post_feature":"","_kad_post_feature_position":"","_kad_post_header":false,"_kad_post_footer":false,"_kad_post_classname":"","jetpack_post_was_ever_published":false,"_jetpack_newsletter_access":"","_jetpack_dont_email_post_to_subs":false,"_jetpack_newsletter_tier_id":0,"_jetpack_memberships_contains_paywalled_content":false,"_jetpack_memberships_contains_paid_content":false,"footnotes":""},"categories":[35],"tags":[582,37,32,176,79,73,301,17,36,91,371],"class_list":["post-2908","post","type-post","status-publish","format-standard","hentry","category-history","tag-582","tag-attitudes-towards-migrants","tag-book-chapter","tag-economic-integration","tag-equal-opportunities","tag-german-language","tag-globalization","tag-immigrants","tag-migration-policy","tag-social-integration","tag-vocational-training"],"jetpack_featured_media_url":"","jetpack_sharing_enabled":true,"_links":{"self":[{"href":"https:\/\/swissmig.unine.ch\/index.php?rest_route=\/wp\/v2\/posts\/2908","targetHints":{"allow":["GET"]}}],"collection":[{"href":"https:\/\/swissmig.unine.ch\/index.php?rest_route=\/wp\/v2\/posts"}],"about":[{"href":"https:\/\/swissmig.unine.ch\/index.php?rest_route=\/wp\/v2\/types\/post"}],"author":[{"embeddable":true,"href":"https:\/\/swissmig.unine.ch\/index.php?rest_route=\/wp\/v2\/users\/4"}],"replies":[{"embeddable":true,"href":"https:\/\/swissmig.unine.ch\/index.php?rest_route=%2Fwp%2Fv2%2Fcomments&post=2908"}],"version-history":[{"count":0,"href":"https:\/\/swissmig.unine.ch\/index.php?rest_route=\/wp\/v2\/posts\/2908\/revisions"}],"wp:attachment":[{"href":"https:\/\/swissmig.unine.ch\/index.php?rest_route=%2Fwp%2Fv2%2Fmedia&parent=2908"}],"wp:term":[{"taxonomy":"category","embeddable":true,"href":"https:\/\/swissmig.unine.ch\/index.php?rest_route=%2Fwp%2Fv2%2Fcategories&post=2908"},{"taxonomy":"post_tag","embeddable":true,"href":"https:\/\/swissmig.unine.ch\/index.php?rest_route=%2Fwp%2Fv2%2Ftags&post=2908"}],"curies":[{"name":"wp","href":"https:\/\/api.w.org\/{rel}","templated":true}]}}