{"id":2900,"date":"2019-08-10T11:37:56","date_gmt":"2019-08-10T10:37:56","guid":{"rendered":"https:\/\/swissmig.wordpress.com\/?p=2900"},"modified":"2019-08-10T11:37:56","modified_gmt":"2019-08-10T10:37:56","slug":"le-defi-de-lintegration-des-refugies-avec-un-niveau-universitaire-le-programme-horizon-academique-de-luniversite-de-geneve","status":"publish","type":"post","link":"https:\/\/swissmig.unine.ch\/?p=2900","title":{"rendered":"Le d\u00e9fi de l\u2019int\u00e9gration des r\u00e9fugi\u00e9s avec un niveau universitaire. Le programme Horizon acad\u00e9mique de l\u2019Universit\u00e9 de Gen\u00e8ve"},"content":{"rendered":"<h3>Author(s) : Mathieu Crettenand, St\u00e9phanie Reusse<\/h3>\n<h3>Source : <a href=\"https:\/\/doi.org\/10.1515\/cercles-2019-0007\">https:\/\/doi.org\/10.1515\/cercles-2019-0007<\/a><\/h3>\n<p><strong>Abstract: <\/strong><!--more--><\/p>\n<blockquote>\n<div>&#8220;A partir de la rentr\u00e9e 2016\u20132017, l\u2019Universit\u00e9 de Gen\u00e8ve a ouvert ses portes aux r\u00e9fugi\u00e9-e-s avec un programme baptis\u00e9 Horizon Acad\u00e9mique. Lanc\u00e9 en partenariat avec le canton de Gen\u00e8ve, il vise \u00e0 faciliter l\u2019int\u00e9gration acad\u00e9mique et sociale des personnes qui rel\u00e8vent du domaine de l\u2019asile. L\u2019enseignement du fran\u00e7ais constitue un \u00e9l\u00e9ment central du programme. \u00c9tant donn\u00e9 que les participants entrant dans le programme Horizon Acad\u00e9mique ont un grand besoin de cours de langue, il a fallu proposer un mod\u00e8le p\u00e9dagogique adapt\u00e9 \u00e0 la population de r\u00e9fugi\u00e9s avec un niveau universitaire. Depuis le d\u00e9but, ce mod\u00e8le a connu plusieurs \u00e9volutions, tenant compte des besoins et contraintes de ce public, ainsi que des enjeux li\u00e9s \u00e0 la situation d\u2019asile. Les cours de fran\u00e7ais \u00e9voluent ainsi constamment entre Fran\u00e7ais langue \u00e9trang\u00e8re (FLE) et le Fran\u00e7ais langue d\u2019int\u00e9gration (FLI), avec \u00e9galement l\u2019int\u00e9gration d\u2019un tutorat \u00e9tudiant. Deux premi\u00e8res promotions d\u2019\u00e9tudiants ont d\u00e9j\u00e0 termin\u00e9 le programme. Gr\u00e2ce \u00e0 l\u2019exp\u00e9rience acquise durant ces deux derni\u00e8res ann\u00e9es et le partenariat avec le canton de Gen\u00e8ve, le programme Horizon acad\u00e9mique a identifi\u00e9 l\u2019environnement institutionnel et les outils de suivi et d\u2019orientation des personnes relevant du domaine de l\u2019asile et de la migration avec un niveau universitaire.&#8221;<\/div>\n<\/blockquote>\n","protected":false},"excerpt":{"rendered":"<p>Author(s) : Mathieu Crettenand, St\u00e9phanie Reusse Source : https:\/\/doi.org\/10.1515\/cercles-2019-0007 Abstract:<\/p>\n","protected":false},"author":4,"featured_media":0,"comment_status":"open","ping_status":"open","sticky":false,"template":"","format":"standard","meta":{"_kadence_starter_templates_imported_post":false,"_kad_post_transparent":"","_kad_post_title":"","_kad_post_layout":"","_kad_post_sidebar_id":"","_kad_post_content_style":"","_kad_post_vertical_padding":"","_kad_post_feature":"","_kad_post_feature_position":"","_kad_post_header":false,"_kad_post_footer":false,"_kad_post_classname":"","jetpack_post_was_ever_published":false,"_jetpack_newsletter_access":"","_jetpack_dont_email_post_to_subs":false,"_jetpack_newsletter_tier_id":0,"_jetpack_memberships_contains_paywalled_content":false,"_jetpack_memberships_contains_paid_content":false,"footnotes":""},"categories":[61],"tags":[582,407,362,7,50,275,52,341,55,80,161,103,117,91],"class_list":["post-2900","post","type-post","status-publish","format-standard","hentry","category-education","tag-582","tag-access-to-education","tag-access-to-employment","tag-article","tag-asylum-seekers","tag-educational-programmes","tag-french-language","tag-geneva","tag-high-skilled-immigrants","tag-higher-education","tag-language-education","tag-refugees","tag-school-integration","tag-social-integration"],"jetpack_featured_media_url":"","jetpack_sharing_enabled":true,"_links":{"self":[{"href":"https:\/\/swissmig.unine.ch\/index.php?rest_route=\/wp\/v2\/posts\/2900","targetHints":{"allow":["GET"]}}],"collection":[{"href":"https:\/\/swissmig.unine.ch\/index.php?rest_route=\/wp\/v2\/posts"}],"about":[{"href":"https:\/\/swissmig.unine.ch\/index.php?rest_route=\/wp\/v2\/types\/post"}],"author":[{"embeddable":true,"href":"https:\/\/swissmig.unine.ch\/index.php?rest_route=\/wp\/v2\/users\/4"}],"replies":[{"embeddable":true,"href":"https:\/\/swissmig.unine.ch\/index.php?rest_route=%2Fwp%2Fv2%2Fcomments&post=2900"}],"version-history":[{"count":0,"href":"https:\/\/swissmig.unine.ch\/index.php?rest_route=\/wp\/v2\/posts\/2900\/revisions"}],"wp:attachment":[{"href":"https:\/\/swissmig.unine.ch\/index.php?rest_route=%2Fwp%2Fv2%2Fmedia&parent=2900"}],"wp:term":[{"taxonomy":"category","embeddable":true,"href":"https:\/\/swissmig.unine.ch\/index.php?rest_route=%2Fwp%2Fv2%2Fcategories&post=2900"},{"taxonomy":"post_tag","embeddable":true,"href":"https:\/\/swissmig.unine.ch\/index.php?rest_route=%2Fwp%2Fv2%2Ftags&post=2900"}],"curies":[{"name":"wp","href":"https:\/\/api.w.org\/{rel}","templated":true}]}}