{"id":2898,"date":"2019-08-10T11:28:40","date_gmt":"2019-08-10T10:28:40","guid":{"rendered":"https:\/\/swissmig.wordpress.com\/?p=2898"},"modified":"2019-08-10T11:28:40","modified_gmt":"2019-08-10T10:28:40","slug":"die-erleichterte-einburgerung-fur-jugendliche-der-dritten-generation-eine-rechtliche-einordnung-des-neuen-einburgerungstatbestandes","status":"publish","type":"post","link":"https:\/\/swissmig.unine.ch\/?p=2898","title":{"rendered":"Die erleichterte Einb\u00fcrgerung f\u00fcr Jugendliche der dritten Generation: Eine rechtliche Einordnung des neuen Einb\u00fcrgerungstatbestandes"},"content":{"rendered":"<h3>Author(s) : Barbara von R\u00fctte<\/h3>\n<h3>Source : <a href=\"https:\/\/boris.unibe.ch\/118258\/\">https:\/\/boris.unibe.ch\/118258\/<\/a><\/h3>\n<p><strong>Abstract: <\/strong><!--more--><\/p>\n<blockquote>\n<div>&#8220;Am 12. Februar 2017 haben Stimmvolk und St\u00e4nde einer erleichterten Einb\u00fcrgerung f\u00fcr Kinder und Jugendliche der dritten Ausl\u00e4ndergeneration deutlich zugestimmt, nachdem mehrere \u00e4hnliche Vorlagen in der Vergangenheit gescheitert waren. Die formellen und materiellen Anforderungen an diese neue Einb\u00fcrgerung sind hoch. Von einem ius soli oder einer automatischen Einb\u00fcrgerung, wie in anderen europ\u00e4ischen Staaten, ist die Schweiz weit weg. Der Beitrag legt dar, an welche Voraussetzungen die erleichterte Einb\u00fcrgerung gekn\u00fcpft ist, und erl\u00e4utern, weshalb die Neuerung dennoch positiv zu werten ist.&#8221;<\/div>\n<\/blockquote>\n","protected":false},"excerpt":{"rendered":"<p>Author(s) : Barbara von R\u00fctte Source : https:\/\/boris.unibe.ch\/118258\/ Abstract:<\/p>\n","protected":false},"author":4,"featured_media":0,"comment_status":"open","ping_status":"open","sticky":false,"template":"","format":"standard","meta":{"_kadence_starter_templates_imported_post":false,"_kad_post_transparent":"","_kad_post_title":"","_kad_post_layout":"","_kad_post_sidebar_id":"","_kad_post_content_style":"","_kad_post_vertical_padding":"","_kad_post_feature":"","_kad_post_feature_position":"","_kad_post_header":false,"_kad_post_footer":false,"_kad_post_classname":"","jetpack_post_was_ever_published":false,"_jetpack_newsletter_access":"","_jetpack_dont_email_post_to_subs":false,"_jetpack_newsletter_tier_id":0,"_jetpack_memberships_contains_paywalled_content":false,"_jetpack_memberships_contains_paid_content":false,"footnotes":""},"categories":[53],"tags":[285,7,273,318,70,57,73,93,374,118],"class_list":["post-2898","post","type-post","status-publish","format-standard","hentry","category-law","tag-285","tag-article","tag-cantons","tag-children","tag-citizenship","tag-comparative-analysis","tag-german-language","tag-naturalization","tag-third-generation","tag-youth"],"jetpack_featured_media_url":"","jetpack_sharing_enabled":true,"_links":{"self":[{"href":"https:\/\/swissmig.unine.ch\/index.php?rest_route=\/wp\/v2\/posts\/2898","targetHints":{"allow":["GET"]}}],"collection":[{"href":"https:\/\/swissmig.unine.ch\/index.php?rest_route=\/wp\/v2\/posts"}],"about":[{"href":"https:\/\/swissmig.unine.ch\/index.php?rest_route=\/wp\/v2\/types\/post"}],"author":[{"embeddable":true,"href":"https:\/\/swissmig.unine.ch\/index.php?rest_route=\/wp\/v2\/users\/4"}],"replies":[{"embeddable":true,"href":"https:\/\/swissmig.unine.ch\/index.php?rest_route=%2Fwp%2Fv2%2Fcomments&post=2898"}],"version-history":[{"count":0,"href":"https:\/\/swissmig.unine.ch\/index.php?rest_route=\/wp\/v2\/posts\/2898\/revisions"}],"wp:attachment":[{"href":"https:\/\/swissmig.unine.ch\/index.php?rest_route=%2Fwp%2Fv2%2Fmedia&parent=2898"}],"wp:term":[{"taxonomy":"category","embeddable":true,"href":"https:\/\/swissmig.unine.ch\/index.php?rest_route=%2Fwp%2Fv2%2Fcategories&post=2898"},{"taxonomy":"post_tag","embeddable":true,"href":"https:\/\/swissmig.unine.ch\/index.php?rest_route=%2Fwp%2Fv2%2Ftags&post=2898"}],"curies":[{"name":"wp","href":"https:\/\/api.w.org\/{rel}","templated":true}]}}