{"id":2895,"date":"2019-08-10T11:20:43","date_gmt":"2019-08-10T10:20:43","guid":{"rendered":"https:\/\/swissmig.wordpress.com\/?p=2895"},"modified":"2019-08-10T11:20:43","modified_gmt":"2019-08-10T10:20:43","slug":"le-couteau-suisse-des-politiques-migratoires","status":"publish","type":"post","link":"https:\/\/swissmig.unine.ch\/?p=2895","title":{"rendered":"Le couteau suisse des politiques migratoires"},"content":{"rendered":"<h3>Author(s) : Cristina Del Baggio, Ibrahim Soys\u00fcren<\/h3>\n<h3>Source : <a href=\"https:\/\/doi.org\/10.3917\/pld.121.0005\">https:\/\/doi.org\/10.3917\/pld.121.0005<\/a><\/h3>\n<p><strong>Abstract: <\/strong><!--more--><\/p>\n<blockquote>\n<div>&#8220;Le \u00ab g\u00e9nie suisse \u00bb a trouv\u00e9 \u00e0 s\u2019exprimer dans les politiques migratoires et les instruments destin\u00e9s \u00e0 restreindre les arriv\u00e9es de migrants, qu\u2019ils rel\u00e8vent ou non du droit d\u2019asile. Pr\u00e9curseure, la Suisse reste une \u00ab source d\u2019inspiration \u00bb en mati\u00e8re d\u2019expulsion, de centres de tri, de prise d\u2019empreintes ou de \u00ab disparition \u00bb des d\u00e9bout\u00e9s du droit d\u2019asile qui en fait r\u00eaver plus d\u2019un. Mais elle est aussi \u00e0 l\u2019origine de notions telles que celle de \u00ab pays d\u2019origine s\u00fbr \u00bb, promise \u00e0 un \u00ab brillant \u00bb avenir en Europe.&#8221;<\/div>\n<\/blockquote>\n","protected":false},"excerpt":{"rendered":"<p>Author(s) : Cristina Del Baggio, Ibrahim Soys\u00fcren Source : https:\/\/doi.org\/10.3917\/pld.121.0005&#8230;<\/p>\n","protected":false},"author":4,"featured_media":0,"comment_status":"open","ping_status":"open","sticky":false,"template":"","format":"standard","meta":{"_kadence_starter_templates_imported_post":false,"_kad_post_transparent":"","_kad_post_title":"","_kad_post_layout":"","_kad_post_sidebar_id":"","_kad_post_content_style":"","_kad_post_vertical_padding":"","_kad_post_feature":"","_kad_post_feature_position":"","_kad_post_header":false,"_kad_post_footer":false,"_kad_post_classname":"","jetpack_post_was_ever_published":false,"_jetpack_newsletter_access":"","_jetpack_dont_email_post_to_subs":false,"_jetpack_newsletter_tier_id":0,"_jetpack_memberships_contains_paywalled_content":false,"_jetpack_memberships_contains_paid_content":false,"footnotes":""},"categories":[12],"tags":[582,7,111,49,112,50,106,58,328,52,129,36],"class_list":["post-2895","post","type-post","status-publish","format-standard","hentry","category-politics","tag-582","tag-article","tag-asylum-applications","tag-asylum-policy","tag-asylum-procedure","tag-asylum-seekers","tag-border-controls","tag-europe","tag-expulsion","tag-french-language","tag-law","tag-migration-policy"],"jetpack_featured_media_url":"","jetpack_sharing_enabled":true,"_links":{"self":[{"href":"https:\/\/swissmig.unine.ch\/index.php?rest_route=\/wp\/v2\/posts\/2895","targetHints":{"allow":["GET"]}}],"collection":[{"href":"https:\/\/swissmig.unine.ch\/index.php?rest_route=\/wp\/v2\/posts"}],"about":[{"href":"https:\/\/swissmig.unine.ch\/index.php?rest_route=\/wp\/v2\/types\/post"}],"author":[{"embeddable":true,"href":"https:\/\/swissmig.unine.ch\/index.php?rest_route=\/wp\/v2\/users\/4"}],"replies":[{"embeddable":true,"href":"https:\/\/swissmig.unine.ch\/index.php?rest_route=%2Fwp%2Fv2%2Fcomments&post=2895"}],"version-history":[{"count":0,"href":"https:\/\/swissmig.unine.ch\/index.php?rest_route=\/wp\/v2\/posts\/2895\/revisions"}],"wp:attachment":[{"href":"https:\/\/swissmig.unine.ch\/index.php?rest_route=%2Fwp%2Fv2%2Fmedia&parent=2895"}],"wp:term":[{"taxonomy":"category","embeddable":true,"href":"https:\/\/swissmig.unine.ch\/index.php?rest_route=%2Fwp%2Fv2%2Fcategories&post=2895"},{"taxonomy":"post_tag","embeddable":true,"href":"https:\/\/swissmig.unine.ch\/index.php?rest_route=%2Fwp%2Fv2%2Ftags&post=2895"}],"curies":[{"name":"wp","href":"https:\/\/api.w.org\/{rel}","templated":true}]}}