{"id":2891,"date":"2019-08-10T11:12:06","date_gmt":"2019-08-10T10:12:06","guid":{"rendered":"https:\/\/swissmig.wordpress.com\/?p=2891"},"modified":"2019-08-10T11:12:06","modified_gmt":"2019-08-10T10:12:06","slug":"dual-identities-intergroup-contact-and-political-activism-among-minorities-the-case-of-bulgarian-roma-and-kosovo-albanians-in-switzerland","status":"publish","type":"post","link":"https:\/\/swissmig.unine.ch\/?p=2891","title":{"rendered":"Dual identities, intergroup contact, and political activism among minorities: The case of Bulgarian Roma and Kosovo Albanians in Switzerland"},"content":{"rendered":"<h3>Author(s) : Adrienne Giroud<\/h3>\n<h3>Source : <a href=\"https:\/\/serval.unil.ch\/notice\/serval:BIB_C54CB3E3575F\">https:\/\/serval.unil.ch\/notice\/serval:BIB_C54CB3E3575F<\/a><\/h3>\n<p><strong>Abstract: <\/strong><!--more--><\/p>\n<blockquote>\n<div id=\"sec-1\" class=\"subsection\">&#8220;This thesis focuses on specifying the social and psychological processes driving the political attitudes about social change of historically disadvantaged group and ethnic minorities by drawing on the literature about the sedative, or &#8220;paradoxical&#8221;, effects of positive intergroup contact (Dixon, Durrheim, &amp; Tredoux, 2007; Saguy, Tausch, &amp; Dovidio, 2009; Wright &amp; Lubensky, 2009) and on identity-based models of collective action (Simon &amp; Klandermans, 2001; Van Zomeren, Postmes, &amp; Spears, 2008). The originality of this research lies in its mixed- methods approach, the focus on minority members\u2019 subjective perspective, and the examination of two groups understudied in social psychology, i.e. Roma and Kosovo Albanians.&#8221;<\/div>\n<div><\/div>\n<div>&#8220;Cette th\u00e8se pr\u00e9cise les processus sociaux et psychologiques \u00e0 la base des attitudes politiques vis-\u00e0-vis du changement social des groupes historiquement d\u00e9favoris\u00e9s et des minorit\u00e9s ethniques, en s&#8217;appuyant sur la litt\u00e9rature concernant les effets s\u00e9datifs ou &#8220;paradoxaux&#8221; des contacts intergroupes positifs (Dixon, Durrheim, &amp; Tredoux, 2007; Saguy, Tausch, &amp; Dovidio, 2009; Wright &amp; Lubensky, 2009) et sur des mod\u00e8les d\u2019action collective fond\u00e9s sur l\u2019identit\u00e9 (Simon &amp; Klandermans, 2001; Van Zomeren, Postmes, &amp; Spears, 2008). L\u2019originalit\u00e9 de cette th\u00e8se r\u00e9side dans son approche par m\u00e9thodes mixtes, dans l\u2019insistance sur la perspective subjective des membres de minorit\u00e9s, ainsi que dans l\u2019examen de la situation de deux groupes encore peu \u00e9tudi\u00e9s en psychologie sociale : les Roms et les Albanais du Kosovo.&#8221;<\/div>\n<\/blockquote>\n","protected":false},"excerpt":{"rendered":"<p>Author(s) : Adrienne Giroud Source : https:\/\/serval.unil.ch\/notice\/serval:BIB_C54CB3E3575F Abstract:<\/p>\n","protected":false},"author":4,"featured_media":0,"comment_status":"open","ping_status":"open","sticky":false,"template":"","format":"standard","meta":{"_kadence_starter_templates_imported_post":false,"_kad_post_transparent":"","_kad_post_title":"","_kad_post_layout":"","_kad_post_sidebar_id":"","_kad_post_content_style":"","_kad_post_vertical_padding":"","_kad_post_feature":"","_kad_post_feature_position":"","_kad_post_header":false,"_kad_post_footer":false,"_kad_post_classname":"","jetpack_post_was_ever_published":false,"_jetpack_newsletter_access":"","_jetpack_dont_email_post_to_subs":false,"_jetpack_newsletter_tier_id":0,"_jetpack_memberships_contains_paywalled_content":false,"_jetpack_memberships_contains_paid_content":false,"footnotes":""},"categories":[24],"tags":[582,336,37,44,173,151,152,9,121,193,233,206,530,455,42,257,219],"class_list":["post-2891","post","type-post","status-publish","format-standard","hentry","category-society-family-racism","tag-582","tag-albanians","tag-attitudes-towards-migrants","tag-bulgaria","tag-cross-cultural-communication","tag-cultural-identity","tag-discourse","tag-english-language","tag-ethnic-minorities","tag-kosovo","tag-minority-audiences","tag-political-activities","tag-roma-and-sinti","tag-social-change","tag-social-psychology","tag-stereotypes","tag-thesis"],"jetpack_featured_media_url":"","jetpack_sharing_enabled":true,"_links":{"self":[{"href":"https:\/\/swissmig.unine.ch\/index.php?rest_route=\/wp\/v2\/posts\/2891","targetHints":{"allow":["GET"]}}],"collection":[{"href":"https:\/\/swissmig.unine.ch\/index.php?rest_route=\/wp\/v2\/posts"}],"about":[{"href":"https:\/\/swissmig.unine.ch\/index.php?rest_route=\/wp\/v2\/types\/post"}],"author":[{"embeddable":true,"href":"https:\/\/swissmig.unine.ch\/index.php?rest_route=\/wp\/v2\/users\/4"}],"replies":[{"embeddable":true,"href":"https:\/\/swissmig.unine.ch\/index.php?rest_route=%2Fwp%2Fv2%2Fcomments&post=2891"}],"version-history":[{"count":0,"href":"https:\/\/swissmig.unine.ch\/index.php?rest_route=\/wp\/v2\/posts\/2891\/revisions"}],"wp:attachment":[{"href":"https:\/\/swissmig.unine.ch\/index.php?rest_route=%2Fwp%2Fv2%2Fmedia&parent=2891"}],"wp:term":[{"taxonomy":"category","embeddable":true,"href":"https:\/\/swissmig.unine.ch\/index.php?rest_route=%2Fwp%2Fv2%2Fcategories&post=2891"},{"taxonomy":"post_tag","embeddable":true,"href":"https:\/\/swissmig.unine.ch\/index.php?rest_route=%2Fwp%2Fv2%2Ftags&post=2891"}],"curies":[{"name":"wp","href":"https:\/\/api.w.org\/{rel}","templated":true}]}}