{"id":2879,"date":"2019-07-29T08:00:15","date_gmt":"2019-07-29T07:00:15","guid":{"rendered":"https:\/\/swissmig.wordpress.com\/?p=2879"},"modified":"2019-07-29T08:00:15","modified_gmt":"2019-07-29T07:00:15","slug":"vieillissement-et-migration-les-regards-des-migrants-portugais-de-premiere-generation-en-suisse","status":"publish","type":"post","link":"https:\/\/swissmig.unine.ch\/?p=2879","title":{"rendered":"Vieillissement et migration. Les regards des migrants portugais de premi\u00e8re g\u00e9n\u00e9ration en Suisse"},"content":{"rendered":"<h3>Author(s) : Genevi\u00e8ve Miserez<\/h3>\n<h3>Source : <a href=\"https:\/\/archive-ouverte.unige.ch\/unige:55118\">https:\/\/archive-ouverte.unige.ch\/unige:55118<\/a><\/h3>\n<p><strong>Abstract: <\/strong><!--more--><\/p>\n<blockquote>\n<div id=\"sec-1\" class=\"subsection\">&#8220;Les immigr\u00e9s portugais de la premi\u00e8re g\u00e9n\u00e9ration sont arriv\u00e9s en Suisse, d\u00e9j\u00e0, dans les ann\u00e9es 1960. Mais, la plupart d&#8217;entre eux ont trouv\u00e9 le chemin de la Suisse dans les ann\u00e9es 1990. Ces migrants arrivent, \u00e0 pr\u00e9sent, \u00e0 l&#8217;\u00e2ge de la retraite. D&#8217;o\u00f9 l&#8217;int\u00e9r\u00eat et la question que je me pose : Comment les migrants portugais de premi\u00e8re g\u00e9n\u00e9ration vivent-ils leur vieillesse ? D&#8217;autres questions subalternes sont abord\u00e9es : comment ces migrants se sont-ils int\u00e9gr\u00e9s ? Comment vivent-ils leur vieillesse et comment se la repr\u00e9sentent-ils ? Quels projets ont-ils pour leur retraite, les r\u00e9alisent-ils ou pas ? Restent-ils dans leur pays d&#8217;accueil ou rentrent-ils au Portugal ?&#8230;&#8221;<\/div>\n<\/blockquote>\n","protected":false},"excerpt":{"rendered":"<p>Author(s) : Genevi\u00e8ve Miserez Source : https:\/\/archive-ouverte.unige.ch\/unige:55118 Abstract:<\/p>\n","protected":false},"author":4,"featured_media":0,"comment_status":"open","ping_status":"open","sticky":false,"template":"","format":"standard","meta":{"_kadence_starter_templates_imported_post":false,"_kad_post_transparent":"","_kad_post_title":"","_kad_post_layout":"","_kad_post_sidebar_id":"","_kad_post_content_style":"","_kad_post_vertical_padding":"","_kad_post_feature":"","_kad_post_feature_position":"","_kad_post_header":false,"_kad_post_footer":false,"_kad_post_classname":"","jetpack_post_was_ever_published":false,"_jetpack_newsletter_access":"","_jetpack_dont_email_post_to_subs":false,"_jetpack_newsletter_tier_id":0,"_jetpack_memberships_contains_paywalled_content":false,"_jetpack_memberships_contains_paid_content":false,"footnotes":""},"categories":[24],"tags":[141,317,142,225,52,17,104,319,140,348,46,91],"class_list":["post-2879","post","type-post","status-publish","format-standard","hentry","category-society-family-racism","tag-141","tag-ageing","tag-elderly","tag-first-generation","tag-french-language","tag-immigrants","tag-living-conditions","tag-master-thesis","tag-portuguese","tag-retirement","tag-return-migration","tag-social-integration"],"jetpack_featured_media_url":"","jetpack_sharing_enabled":true,"_links":{"self":[{"href":"https:\/\/swissmig.unine.ch\/index.php?rest_route=\/wp\/v2\/posts\/2879","targetHints":{"allow":["GET"]}}],"collection":[{"href":"https:\/\/swissmig.unine.ch\/index.php?rest_route=\/wp\/v2\/posts"}],"about":[{"href":"https:\/\/swissmig.unine.ch\/index.php?rest_route=\/wp\/v2\/types\/post"}],"author":[{"embeddable":true,"href":"https:\/\/swissmig.unine.ch\/index.php?rest_route=\/wp\/v2\/users\/4"}],"replies":[{"embeddable":true,"href":"https:\/\/swissmig.unine.ch\/index.php?rest_route=%2Fwp%2Fv2%2Fcomments&post=2879"}],"version-history":[{"count":0,"href":"https:\/\/swissmig.unine.ch\/index.php?rest_route=\/wp\/v2\/posts\/2879\/revisions"}],"wp:attachment":[{"href":"https:\/\/swissmig.unine.ch\/index.php?rest_route=%2Fwp%2Fv2%2Fmedia&parent=2879"}],"wp:term":[{"taxonomy":"category","embeddable":true,"href":"https:\/\/swissmig.unine.ch\/index.php?rest_route=%2Fwp%2Fv2%2Fcategories&post=2879"},{"taxonomy":"post_tag","embeddable":true,"href":"https:\/\/swissmig.unine.ch\/index.php?rest_route=%2Fwp%2Fv2%2Ftags&post=2879"}],"curies":[{"name":"wp","href":"https:\/\/api.w.org\/{rel}","templated":true}]}}