{"id":2874,"date":"2019-07-22T15:27:59","date_gmt":"2019-07-22T14:27:59","guid":{"rendered":"https:\/\/swissmig.wordpress.com\/?p=2874"},"modified":"2019-07-22T15:27:59","modified_gmt":"2019-07-22T14:27:59","slug":"recht-auf-bildung-unbegleitete-minderjahrige-zwischen-inklusion-und-exklusion","status":"publish","type":"post","link":"https:\/\/swissmig.unine.ch\/?p=2874","title":{"rendered":"Recht auf Bildung? Unbegleitete Minderj\u00e4hrige zwischen Inklusion und Exklusion"},"content":{"rendered":"<h3>Author(s) : Kathrin Oester, Annika Lems<\/h3>\n<h3>Source : <a href=\"https:\/\/doi.org\/10.1007\/978-3-658-23238-2_12\">https:\/\/doi.org\/10.1007\/978-3-658-23238-2_12<\/a><\/h3>\n<p><strong>Abstract: <\/strong><!--more--><\/p>\n<blockquote>\n<div id=\"sec-1\" class=\"subsection\">\n<p id=\"Par1\" class=\"Para\">&#8220;Eine ethnografische Studie zur Bildungslaufbahn unbegleiteter minderj\u00e4hriger Asylsuchender macht deutlich, wie Kinder und Jugendliche \u2013 einmal in der Schweiz angekommen \u2013 einem spezifischen Regime von \u201aKindheit\u2018 unterworfen werden. Im medialen Diskurs kommt ihnen als Angeh\u00f6rigen einer hoch verletzlichen Risikogruppe zwar die Rolle der guten, sch\u00fctzenswerten Fl\u00fcchtlinge zu \u2013 dies im Unterschied zum \u201agef\u00e4hrlichen Asylanten\u2018. Gerade das Etikett des \u201avulnerablen Kindes\u2018 ist aber ambivalent besetzt und tr\u00e4gt nicht nur zur Inklusion, sondern oft auch zu Prozessen der Exklusion bei. Eine erfolgreiche Bildungs- und Berufslaufbahn bedeutet deshalb f\u00fcr viele, sich einer exkludierenden Vulnerabilisierung entgegenzustellen und sich als schulisch fit und \u201af\u00f6rderungsw\u00fcrdig\u2018 zu behaupten.&#8221;<\/p>\n<section id=\"Abs1\" class=\"Abstract\" lang=\"de\"><strong>Schl\u00fcsselw\u00f6rter<\/strong> : <span class=\"Keyword\">Unbegleitete minderj\u00e4hrige, Fl\u00fcchtlinge, <\/span><span class=\"Keyword\">Vulnerabilisierung, <\/span><span class=\"Keyword\">Bildung, <\/span><span class=\"Keyword\">Inklusion, <\/span><span class=\"Keyword\">Exklusion\u00a0<\/span><\/section>\n<\/div>\n<\/blockquote>\n","protected":false},"excerpt":{"rendered":"<p>Author(s) : Kathrin Oester, Annika Lems Source : https:\/\/doi.org\/10.1007\/978-3-658-23238-2_12 Abstract:<\/p>\n","protected":false},"author":4,"featured_media":0,"comment_status":"open","ping_status":"open","sticky":false,"template":"","format":"standard","meta":{"_kadence_starter_templates_imported_post":false,"_kad_post_transparent":"","_kad_post_title":"","_kad_post_layout":"","_kad_post_sidebar_id":"","_kad_post_content_style":"","_kad_post_vertical_padding":"","_kad_post_feature":"","_kad_post_feature_position":"","_kad_post_header":false,"_kad_post_footer":false,"_kad_post_classname":"","jetpack_post_was_ever_published":false,"_jetpack_newsletter_access":"","_jetpack_dont_email_post_to_subs":false,"_jetpack_newsletter_tier_id":0,"_jetpack_memberships_contains_paywalled_content":false,"_jetpack_memberships_contains_paid_content":false,"footnotes":""},"categories":[24],"tags":[582,50,32,232,78,164,73,490,117,91,64,371,144,118],"class_list":["post-2874","post","type-post","status-publish","format-standard","hentry","category-society-family-racism","tag-582","tag-asylum-seekers","tag-book-chapter","tag-education","tag-educational-system","tag-exclusion","tag-german-language","tag-school-attainment","tag-school-integration","tag-social-integration","tag-unaccompanied-minors","tag-vocational-training","tag-vulnerability","tag-youth"],"jetpack_featured_media_url":"","jetpack_sharing_enabled":true,"_links":{"self":[{"href":"https:\/\/swissmig.unine.ch\/index.php?rest_route=\/wp\/v2\/posts\/2874","targetHints":{"allow":["GET"]}}],"collection":[{"href":"https:\/\/swissmig.unine.ch\/index.php?rest_route=\/wp\/v2\/posts"}],"about":[{"href":"https:\/\/swissmig.unine.ch\/index.php?rest_route=\/wp\/v2\/types\/post"}],"author":[{"embeddable":true,"href":"https:\/\/swissmig.unine.ch\/index.php?rest_route=\/wp\/v2\/users\/4"}],"replies":[{"embeddable":true,"href":"https:\/\/swissmig.unine.ch\/index.php?rest_route=%2Fwp%2Fv2%2Fcomments&post=2874"}],"version-history":[{"count":0,"href":"https:\/\/swissmig.unine.ch\/index.php?rest_route=\/wp\/v2\/posts\/2874\/revisions"}],"wp:attachment":[{"href":"https:\/\/swissmig.unine.ch\/index.php?rest_route=%2Fwp%2Fv2%2Fmedia&parent=2874"}],"wp:term":[{"taxonomy":"category","embeddable":true,"href":"https:\/\/swissmig.unine.ch\/index.php?rest_route=%2Fwp%2Fv2%2Fcategories&post=2874"},{"taxonomy":"post_tag","embeddable":true,"href":"https:\/\/swissmig.unine.ch\/index.php?rest_route=%2Fwp%2Fv2%2Ftags&post=2874"}],"curies":[{"name":"wp","href":"https:\/\/api.w.org\/{rel}","templated":true}]}}