{"id":2866,"date":"2019-07-22T14:32:51","date_gmt":"2019-07-22T13:32:51","guid":{"rendered":"https:\/\/swissmig.wordpress.com\/?p=2866"},"modified":"2019-07-22T14:32:51","modified_gmt":"2019-07-22T13:32:51","slug":"une-revue-historique-et-sociologique-des-migrations-en-suisse","status":"publish","type":"post","link":"https:\/\/swissmig.unine.ch\/?p=2866","title":{"rendered":"Une revue historique et sociologique des migrations en Suisse"},"content":{"rendered":"<h3>Author(s) : Gianni D\u2019Amato<\/h3>\n<h3>Source : <a href=\"http:\/\/journals.openedition.org\/aspd\/511\">http:\/\/journals.openedition.org\/aspd\/511<\/a><\/h3>\n<p><strong>Abstract: <\/strong><!--more--><\/p>\n<blockquote>\n<div id=\"sec-1\" class=\"subsection\">\n<p>&#8220;Un bilan du ph\u00e9nom\u00e8ne migratoire en Suisse, aussi incomplet qu\u2019il apparaisse ici, offre n\u00e9anmoins l\u2019occasion de remettre en question des crit\u00e8res fig\u00e9s de la recherche sociologique sur les migrations et de consid\u00e9rer d\u2019un autre point de vue, avec plus de recul surtout, un domaine politique o\u00f9 des interventions s\u2019imposent de toute urgence. Avec la pression qui p\u00e8se sur la gestion de la recherche universitaire, force est de constater que les institutions acad\u00e9miques sp\u00e9cialis\u00e9es ne peuvent que r\u00e9agir \u00e0 l\u2019\u00e9volution du d\u00e9bat sur les migrations et de la politique migratoire, au lieu de d\u00e9gager des ressources pour la recherche \u00e0 long terme qui permettraient de garantir une \u00e9tude interdisciplinaire et suivie de l\u2019immigration, qui est une composante constitutive de toute soci\u00e9t\u00e9 moderne.&#8221;<\/p>\n<\/div>\n<\/blockquote>\n","protected":false},"excerpt":{"rendered":"<p>Author(s) : Gianni D\u2019Amato Source : http:\/\/journals.openedition.org\/aspd\/511 Abstract:<\/p>\n","protected":false},"author":4,"featured_media":0,"comment_status":"open","ping_status":"open","sticky":false,"template":"","format":"standard","meta":{"_kadence_starter_templates_imported_post":false,"_kad_post_transparent":"","_kad_post_title":"","_kad_post_layout":"","_kad_post_sidebar_id":"","_kad_post_content_style":"","_kad_post_vertical_padding":"","_kad_post_feature":"","_kad_post_feature_position":"","_kad_post_header":false,"_kad_post_footer":false,"_kad_post_classname":"","jetpack_post_was_ever_published":false,"_jetpack_newsletter_access":"","_jetpack_dont_email_post_to_subs":false,"_jetpack_newsletter_tier_id":0,"_jetpack_memberships_contains_paywalled_content":false,"_jetpack_memberships_contains_paid_content":false,"footnotes":""},"categories":[171],"tags":[134,7,152,52,87,325,618,36,531,103,327,422],"class_list":["post-2866","post","type-post","status-publish","format-standard","hentry","category-generalities","tag-134","tag-article","tag-discourse","tag-french-language","tag-history","tag-methodology","tag-migration-management","tag-migration-policy","tag-population-dynamics","tag-refugees","tag-research","tag-sociology"],"jetpack_featured_media_url":"","jetpack_sharing_enabled":true,"_links":{"self":[{"href":"https:\/\/swissmig.unine.ch\/index.php?rest_route=\/wp\/v2\/posts\/2866","targetHints":{"allow":["GET"]}}],"collection":[{"href":"https:\/\/swissmig.unine.ch\/index.php?rest_route=\/wp\/v2\/posts"}],"about":[{"href":"https:\/\/swissmig.unine.ch\/index.php?rest_route=\/wp\/v2\/types\/post"}],"author":[{"embeddable":true,"href":"https:\/\/swissmig.unine.ch\/index.php?rest_route=\/wp\/v2\/users\/4"}],"replies":[{"embeddable":true,"href":"https:\/\/swissmig.unine.ch\/index.php?rest_route=%2Fwp%2Fv2%2Fcomments&post=2866"}],"version-history":[{"count":0,"href":"https:\/\/swissmig.unine.ch\/index.php?rest_route=\/wp\/v2\/posts\/2866\/revisions"}],"wp:attachment":[{"href":"https:\/\/swissmig.unine.ch\/index.php?rest_route=%2Fwp%2Fv2%2Fmedia&parent=2866"}],"wp:term":[{"taxonomy":"category","embeddable":true,"href":"https:\/\/swissmig.unine.ch\/index.php?rest_route=%2Fwp%2Fv2%2Fcategories&post=2866"},{"taxonomy":"post_tag","embeddable":true,"href":"https:\/\/swissmig.unine.ch\/index.php?rest_route=%2Fwp%2Fv2%2Ftags&post=2866"}],"curies":[{"name":"wp","href":"https:\/\/api.w.org\/{rel}","templated":true}]}}