{"id":2856,"date":"2019-07-15T11:23:33","date_gmt":"2019-07-15T10:23:33","guid":{"rendered":"https:\/\/swissmig.wordpress.com\/?p=2856"},"modified":"2019-07-15T11:23:33","modified_gmt":"2019-07-15T10:23:33","slug":"analyse-de-linsertion-socioprofessionnelle-des-jeunes-adultes-refugies-en-situation-de-vulnerabilite-a-partir-de-la-perception-des-acteurs-regards-croises-sur-les-difficultes-et-les-solutions-du","status":"publish","type":"post","link":"https:\/\/swissmig.unine.ch\/?p=2856","title":{"rendered":"Analyse de l&#8217;insertion socioprofessionnelle des jeunes adultes r\u00e9fugi\u00e9s en situation de vuln\u00e9rabilit\u00e9, \u00e0 partir de la perception des acteurs: regards crois\u00e9s sur les difficult\u00e9s et les solutions d&#8217;une insertion r\u00e9ussie"},"content":{"rendered":"<h3>Author(s) : Fany Cugny<\/h3>\n<h3>Source : <a href=\"https:\/\/serval.unil.ch\/notice\/serval:BIB_04D33568CDB9\">https:\/\/serval.unil.ch\/notice\/serval:BIB_04D33568CDB9<\/a><\/h3>\n<p><strong>Abstract: <\/strong><!--more--><\/p>\n<blockquote>\n<div id=\"sec-1\" class=\"subsection\">\n<p>&#8220;L\u2019insertion socioprofessionnelle est au coeur des politiques sociales de l\u2019Etat social actif visant \u00e0 rendre les individus financi\u00e8rement ind\u00e9pendants et autonomes afin d\u2019\u00e9viter qu\u2019ils ne d\u00e9pendent de l\u2019aide sociale. Les jeunes adultes r\u00e9fugi\u00e9s en situation de vuln\u00e9rabilit\u00e9 n\u2019\u00e9chappent pas \u00e0 l\u2019injonction d\u2019insertion socioprofessionnelle. Lutter contre la d\u00e9pendance des jeunes adultes r\u00e9fugi\u00e9s \u00e0 l\u2019aide sociale repr\u00e9sente un double enjeu, pour l\u2019Etat, ainsi que pour les jeunes eux-m\u00eames qui souhaitent s\u2019\u00e9manciper de cette aide. Cette recherche est partie du constat que le canton de Vaud met en place une politique sociale complexe et co\u00fbteuse pour favoriser l\u2019insertion socioprofessionnelle des jeunes adultes r\u00e9fugi\u00e9s en situation de vuln\u00e9rabilit\u00e9, sans r\u00e9ellement conna\u00eetre cette population. En effet, l\u2019insertion socioprofessionnelle des jeunes adultes r\u00e9fugi\u00e9s en situation de vuln\u00e9rabilit\u00e9 est un domaine dans lequel les connaissances sont encore limit\u00e9es.&#8221;<\/p>\n<\/div>\n<\/blockquote>\n","protected":false},"excerpt":{"rendered":"<p>Author(s) : Fany Cugny Source : https:\/\/serval.unil.ch\/notice\/serval:BIB_04D33568CDB9 Abstract:<\/p>\n","protected":false},"author":4,"featured_media":0,"comment_status":"open","ping_status":"open","sticky":false,"template":"","format":"standard","meta":{"_kadence_starter_templates_imported_post":false,"_kad_post_transparent":"","_kad_post_title":"","_kad_post_layout":"","_kad_post_sidebar_id":"","_kad_post_content_style":"","_kad_post_vertical_padding":"","_kad_post_feature":"","_kad_post_feature_position":"","_kad_post_header":false,"_kad_post_footer":false,"_kad_post_classname":"","jetpack_post_was_ever_published":false,"_jetpack_newsletter_access":"","_jetpack_dont_email_post_to_subs":false,"_jetpack_newsletter_tier_id":0,"_jetpack_memberships_contains_paywalled_content":false,"_jetpack_memberships_contains_paid_content":false,"footnotes":""},"categories":[12],"tags":[582,8,146,176,240,52,387,160,154,19,319,103,91,314,370,144,118],"class_list":["post-2856","post","type-post","status-publish","format-standard","hentry","category-politics","tag-582","tag-case-study","tag-discrimination","tag-economic-integration","tag-employment","tag-french-language","tag-integration-policy","tag-integration-programmes","tag-interviews","tag-labour-market","tag-master-thesis","tag-refugees","tag-social-integration","tag-social-services","tag-vaud","tag-vulnerability","tag-youth"],"jetpack_featured_media_url":"","jetpack_sharing_enabled":true,"_links":{"self":[{"href":"https:\/\/swissmig.unine.ch\/index.php?rest_route=\/wp\/v2\/posts\/2856","targetHints":{"allow":["GET"]}}],"collection":[{"href":"https:\/\/swissmig.unine.ch\/index.php?rest_route=\/wp\/v2\/posts"}],"about":[{"href":"https:\/\/swissmig.unine.ch\/index.php?rest_route=\/wp\/v2\/types\/post"}],"author":[{"embeddable":true,"href":"https:\/\/swissmig.unine.ch\/index.php?rest_route=\/wp\/v2\/users\/4"}],"replies":[{"embeddable":true,"href":"https:\/\/swissmig.unine.ch\/index.php?rest_route=%2Fwp%2Fv2%2Fcomments&post=2856"}],"version-history":[{"count":0,"href":"https:\/\/swissmig.unine.ch\/index.php?rest_route=\/wp\/v2\/posts\/2856\/revisions"}],"wp:attachment":[{"href":"https:\/\/swissmig.unine.ch\/index.php?rest_route=%2Fwp%2Fv2%2Fmedia&parent=2856"}],"wp:term":[{"taxonomy":"category","embeddable":true,"href":"https:\/\/swissmig.unine.ch\/index.php?rest_route=%2Fwp%2Fv2%2Fcategories&post=2856"},{"taxonomy":"post_tag","embeddable":true,"href":"https:\/\/swissmig.unine.ch\/index.php?rest_route=%2Fwp%2Fv2%2Ftags&post=2856"}],"curies":[{"name":"wp","href":"https:\/\/api.w.org\/{rel}","templated":true}]}}