{"id":2854,"date":"2019-07-15T11:10:22","date_gmt":"2019-07-15T10:10:22","guid":{"rendered":"https:\/\/swissmig.wordpress.com\/?p=2854"},"modified":"2019-07-15T11:10:22","modified_gmt":"2019-07-15T10:10:22","slug":"jugoslawen-in-der-schweiz-soziale-kulturelle-und-ethnische-herkunft-integrationsprobleme","status":"publish","type":"post","link":"https:\/\/swissmig.unine.ch\/?p=2854","title":{"rendered":"\u00abJugoslawen\u00bb in der Schweiz. Soziale, kulturelle und ethnische Herkunft, Integrationsprobleme"},"content":{"rendered":"<h3>Author(s) : Nada Boskovska<\/h3>\n<h3>Source : <a href=\"https:\/\/saez.swisshealthweb.ch\/fr\/article\/doi\/bms.2000.07790\/\" target=\"_blank\" rel=\"noopener\">https:\/\/saez.swisshealthweb.ch\/fr\/article\/doi\/bms.2000.07790\/<\/a><\/h3>\n<p><strong>Abstract: <\/strong><!--more--><\/p>\n<blockquote>\n<div id=\"sec-1\" class=\"subsection\">\n<p>&#8220;Die ersten jugoslawischen Fremdarbeiter kamen in den sechziger Jahren in die Schweiz. Ihre Zahl blieb aber zun\u00e4chst gering. 1970 waren 54% aller Ausl\u00e4nder Italiener, 11,2% Spanier, 11% Deutsche, 5,2% Franzosen, 4,1% \u00d6sterreicher und nur 2,3% Jugoslawen (knapp 25 000 Personen). Diese geh\u00f6rten vorwiegend \u00abh\u00f6heren Berufskategorien\u00bb an. Rund die H\u00e4lfte waren Akademiker oder andere Angeh\u00f6rige intellektueller Berufe. In den Spit\u00e4lern arbeiteten neben \u00c4rzten zahlreiche Krankenschwestern, Pflegerinnen und Pfleger. Ungelernte Arbeitskr\u00e4fte aus Jugoslawien fanden damals in der Schweiz kaum Besch\u00e4ftigung, da diese Posten bereits durch Italiener besetzt waren. Die Arbeitgeber, so konnte man in der Zeitung<br \/>\nlesen, waren zufrieden mit den Leistungen und dem Verhalten der Jugoslawen.&#8221;<\/p>\n<\/div>\n<\/blockquote>\n","protected":false},"excerpt":{"rendered":"<p>Author(s) : Nada Boskovska Source : https:\/\/saez.swisshealthweb.ch\/fr\/article\/doi\/bms.2000.07790\/ Abstract:<\/p>\n","protected":false},"author":4,"featured_media":0,"comment_status":"open","ping_status":"open","sticky":false,"template":"","format":"standard","meta":{"_kadence_starter_templates_imported_post":false,"_kad_post_transparent":"","_kad_post_title":"","_kad_post_layout":"","_kad_post_sidebar_id":"","_kad_post_content_style":"","_kad_post_vertical_padding":"","_kad_post_feature":"","_kad_post_feature_position":"","_kad_post_header":false,"_kad_post_footer":false,"_kad_post_classname":"","jetpack_post_was_ever_published":false,"_jetpack_newsletter_access":"","_jetpack_dont_email_post_to_subs":false,"_jetpack_newsletter_tier_id":0,"_jetpack_memberships_contains_paywalled_content":false,"_jetpack_memberships_contains_paid_content":false,"footnotes":""},"categories":[24],"tags":[241,7,322,57,151,176,121,259,73,87,20,91,143,183],"class_list":["post-2854","post","type-post","status-publish","format-standard","hentry","category-society-family-racism","tag-241","tag-article","tag-causes-of-migration","tag-comparative-analysis","tag-cultural-identity","tag-economic-integration","tag-ethnic-minorities","tag-ethnicity","tag-german-language","tag-history","tag-migration-flows","tag-social-integration","tag-statistical-data","tag-yugoslavs"],"jetpack_featured_media_url":"","jetpack_sharing_enabled":true,"_links":{"self":[{"href":"https:\/\/swissmig.unine.ch\/index.php?rest_route=\/wp\/v2\/posts\/2854","targetHints":{"allow":["GET"]}}],"collection":[{"href":"https:\/\/swissmig.unine.ch\/index.php?rest_route=\/wp\/v2\/posts"}],"about":[{"href":"https:\/\/swissmig.unine.ch\/index.php?rest_route=\/wp\/v2\/types\/post"}],"author":[{"embeddable":true,"href":"https:\/\/swissmig.unine.ch\/index.php?rest_route=\/wp\/v2\/users\/4"}],"replies":[{"embeddable":true,"href":"https:\/\/swissmig.unine.ch\/index.php?rest_route=%2Fwp%2Fv2%2Fcomments&post=2854"}],"version-history":[{"count":0,"href":"https:\/\/swissmig.unine.ch\/index.php?rest_route=\/wp\/v2\/posts\/2854\/revisions"}],"wp:attachment":[{"href":"https:\/\/swissmig.unine.ch\/index.php?rest_route=%2Fwp%2Fv2%2Fmedia&parent=2854"}],"wp:term":[{"taxonomy":"category","embeddable":true,"href":"https:\/\/swissmig.unine.ch\/index.php?rest_route=%2Fwp%2Fv2%2Fcategories&post=2854"},{"taxonomy":"post_tag","embeddable":true,"href":"https:\/\/swissmig.unine.ch\/index.php?rest_route=%2Fwp%2Fv2%2Ftags&post=2854"}],"curies":[{"name":"wp","href":"https:\/\/api.w.org\/{rel}","templated":true}]}}