{"id":2842,"date":"2019-07-10T09:48:18","date_gmt":"2019-07-10T08:48:18","guid":{"rendered":"https:\/\/swissmig.wordpress.com\/?p=2842"},"modified":"2019-07-10T09:48:18","modified_gmt":"2019-07-10T08:48:18","slug":"la-judiciarisation-a-lepreuve-de-la-democratie-directe-linterdiction-de-construire-des-minarets-en-suisse","status":"publish","type":"post","link":"https:\/\/swissmig.unine.ch\/?p=2842","title":{"rendered":"La judiciarisation \u00e0 l&#8217;\u00e9preuve de la d\u00e9mocratie directe : l&#8217;interdiction de construire des minarets en Suisse"},"content":{"rendered":"<h3>Author(s) : Herv\u00e9 Rayner, Bernard Voutat<\/h3>\n<h3>Source : <a href=\"https:\/\/doi.org\/10.3917\/rfsp.644.0689\">https:\/\/doi.org\/10.3917\/rfsp.644.0689<\/a><\/h3>\n<p><strong>Abstract: <\/strong><!--more--><\/p>\n<blockquote>\n<div id=\"sec-1\" class=\"subsection\">\n<p>&#8220;Impuls\u00e9e par des \u00e9lus de l\u2019UDC pour contourner des d\u00e9cisions politiques et judiciaires prises au niveau local, puis national, l\u2019initiative populaire accept\u00e9e en 2009 visant l\u2019interdiction de construire des minarets a r\u00e9activ\u00e9 la stigmatisation des musulmans \u00e9tablis en Suisse, ainsi qu\u2019un ensemble de controverses opposant syst\u00e9matiquement, dans une configuration institutionnelle particuli\u00e8re, la d\u00e9mocratie directe aux droits fondamentaux, la \u00ab volont\u00e9 populaire \u00bb au \u00ab pouvoir des juges \u00bb, nationaux et internationaux. Polys\u00e9mique, le concept de judiciarisation est appr\u00e9hend\u00e9 ici dans une perspective processuelle et relationnelle, non pas comme transfert vers l\u2019ar\u00e8ne judiciaire de questions politiques touchant la r\u00e9gulation publique du religieux, mais sous l\u2019angle de la juridicisation de la controverse suscit\u00e9e par l\u2019initiative populaire que produit l\u2019anticipation des d\u00e9cisions de justice dans les \u00e9changes politiques.&#8221;<\/p>\n<p>&#8220;Launched by representatives from the Union d\u00e9mocratique du centre (UDC) with the aim of circumventing political and judicial decisions made at both local and national levels, the 2009 federal popular initiative calling for a ban on the construction of minarets rekindled the stigmatisation of Muslims living in Switzerland. Within the prevalent institutional configuration it moreover revived controversies surrounding issues such as direct democracy versus fundamental rights, or \u201cthe will of the people\u201d versus \u201cthe power of the judges\u201d, whether national or international. \u201cJudicialisation\u201d is a polysemous concept. It is not understood here as the transfer to the courts of matters of political significance \u2013 in this instance the public regulation of religion \u2013 but as a process of juridification (or juridicalisation) in which court rulings were constantly anticipated in the political debate provoked by the popular initiative.&#8221;<\/p>\n<\/div>\n<\/blockquote>\n","protected":false},"excerpt":{"rendered":"<p>Author(s) : Herv\u00e9 Rayner, Bernard Voutat Source : https:\/\/doi.org\/10.3917\/rfsp.644.0689 Abstract:<\/p>\n","protected":false},"author":4,"featured_media":0,"comment_status":"open","ping_status":"open","sticky":false,"template":"","format":"standard","meta":{"_kadence_starter_templates_imported_post":false,"_kad_post_transparent":"","_kad_post_title":"","_kad_post_layout":"","_kad_post_sidebar_id":"","_kad_post_content_style":"","_kad_post_vertical_padding":"","_kad_post_feature":"","_kad_post_feature_position":"","_kad_post_header":false,"_kad_post_footer":false,"_kad_post_classname":"","jetpack_post_was_ever_published":false,"_jetpack_newsletter_access":"","_jetpack_dont_email_post_to_subs":false,"_jetpack_newsletter_tier_id":0,"_jetpack_memberships_contains_paywalled_content":false,"_jetpack_memberships_contains_paid_content":false,"footnotes":""},"categories":[12],"tags":[6,7,37,152,52,128,566,129,116,94,95,361,168,96],"class_list":["post-2842","post","type-post","status-publish","format-standard","hentry","category-politics","tag-6","tag-article","tag-attitudes-towards-migrants","tag-discourse","tag-french-language","tag-human-rights","tag-islamophobia","tag-law","tag-muslims","tag-political-system","tag-populism","tag-referendums-and-initiatives","tag-religious-practice","tag-voting-behaviour"],"jetpack_featured_media_url":"","jetpack_sharing_enabled":true,"_links":{"self":[{"href":"https:\/\/swissmig.unine.ch\/index.php?rest_route=\/wp\/v2\/posts\/2842","targetHints":{"allow":["GET"]}}],"collection":[{"href":"https:\/\/swissmig.unine.ch\/index.php?rest_route=\/wp\/v2\/posts"}],"about":[{"href":"https:\/\/swissmig.unine.ch\/index.php?rest_route=\/wp\/v2\/types\/post"}],"author":[{"embeddable":true,"href":"https:\/\/swissmig.unine.ch\/index.php?rest_route=\/wp\/v2\/users\/4"}],"replies":[{"embeddable":true,"href":"https:\/\/swissmig.unine.ch\/index.php?rest_route=%2Fwp%2Fv2%2Fcomments&post=2842"}],"version-history":[{"count":0,"href":"https:\/\/swissmig.unine.ch\/index.php?rest_route=\/wp\/v2\/posts\/2842\/revisions"}],"wp:attachment":[{"href":"https:\/\/swissmig.unine.ch\/index.php?rest_route=%2Fwp%2Fv2%2Fmedia&parent=2842"}],"wp:term":[{"taxonomy":"category","embeddable":true,"href":"https:\/\/swissmig.unine.ch\/index.php?rest_route=%2Fwp%2Fv2%2Fcategories&post=2842"},{"taxonomy":"post_tag","embeddable":true,"href":"https:\/\/swissmig.unine.ch\/index.php?rest_route=%2Fwp%2Fv2%2Ftags&post=2842"}],"curies":[{"name":"wp","href":"https:\/\/api.w.org\/{rel}","templated":true}]}}