{"id":2839,"date":"2019-07-08T14:42:08","date_gmt":"2019-07-08T13:42:08","guid":{"rendered":"https:\/\/swissmig.wordpress.com\/?p=2839"},"modified":"2019-07-08T14:42:08","modified_gmt":"2019-07-08T13:42:08","slug":"evaluation-des-uma-pilotprojektes-befunde-zur-kindes-und-altersgerechten-unterbringung-und-betreuung-von-unbegleiteten-minderjahrigen-asylsuchenden-in-den-zentren-des-bundes","status":"publish","type":"post","link":"https:\/\/swissmig.unine.ch\/?p=2839","title":{"rendered":"Evaluation des UMA-Pilotprojektes. Befunde zur kindes- und altersgerechten Unterbringung und Betreuung von unbegleiteten minderj\u00e4hrigen Asylsuchenden in den Zentren des Bundes"},"content":{"rendered":"<h3>Author(s) : Eva Mey, Samuel Keller, Kushtrim Adili, Clara Bombach, Miryam Eser Davolio, Milena Gehrig, Konstantin Kehl, Dilyara M\u00fcller-Suleymanova<\/h3>\n<h3>Source : <a href=\"https:\/\/www.sem.admin.ch\/dam\/data\/sem\/aktuell\/news\/2019\/2019-06-11\/bericht-evaluation-uma-d.pdf\">https:\/\/www.sem.admin.ch\/dam\/data\/sem\/aktuell\/news\/2019\/2019-06-11\/bericht-evaluation-uma-d.pdf<\/a><\/h3>\n<p><strong>Abstract: <\/strong><!--more--><\/p>\n<blockquote>\n<div id=\"sec-1\" class=\"subsection\">\n<p>&#8220;Im Zusammenhang mit der Neustrukturierung des Asylwesens und der Einf\u00fchrung des beschleunigten Asylverfahrens ist eine max. 140 Tage dauernde Unterbringung und Betreuung der unbegleiteten minderj\u00e4hrigen Asylsuchenden (UMA) in den zuk\u00fcnftigen Bundesasylzentren (BAZ) vorgesehen. Dem Staatssekretariat f\u00fcr Migration (SEM) als zust\u00e4ndiger Beh\u00f6rde ist es ein Anliegen, die Unterbringung und Betreuung der UMA w\u00e4hrend dieser Zeit kindes- und altersgerecht auszugestalten. Es hat deshalb im Rahmen eines Pilot projektes besondere Standards f\u00fcr die Unterbringung und Betreuung der UMA ausgearbeitet und diese an zwei Standorten getestet. Mit der systematischen Evaluation des Pilotprojektes wurde ein interdisziplin\u00e4res Forschungsteam der Z\u00fcrcher Hochschule f\u00fcr Angewandte Wissenschaften (ZHAW) beauftragt.&#8221;<\/p>\n<\/div>\n<\/blockquote>\n","protected":false},"excerpt":{"rendered":"<p>Author(s) : Eva Mey, Samuel Keller, Kushtrim Adili, Clara Bombach,&#8230;<\/p>\n","protected":false},"author":4,"featured_media":0,"comment_status":"open","ping_status":"open","sticky":false,"template":"","format":"standard","meta":{"_kadence_starter_templates_imported_post":false,"_kad_post_transparent":"","_kad_post_title":"","_kad_post_layout":"","_kad_post_sidebar_id":"","_kad_post_content_style":"","_kad_post_vertical_padding":"","_kad_post_feature":"","_kad_post_feature_position":"","_kad_post_header":false,"_kad_post_footer":false,"_kad_post_classname":"","jetpack_post_was_ever_published":false,"_jetpack_newsletter_access":"","_jetpack_dont_email_post_to_subs":false,"_jetpack_newsletter_tier_id":0,"_jetpack_memberships_contains_paywalled_content":false,"_jetpack_memberships_contains_paid_content":false,"footnotes":""},"categories":[12],"tags":[582,111,49,112,50,73,157,129,104,617,249,64],"class_list":["post-2839","post","type-post","status-publish","format-standard","hentry","category-politics","tag-582","tag-asylum-applications","tag-asylum-policy","tag-asylum-procedure","tag-asylum-seekers","tag-german-language","tag-health-care","tag-law","tag-living-conditions","tag-refugee-centres","tag-report","tag-unaccompanied-minors"],"jetpack_featured_media_url":"","jetpack_sharing_enabled":true,"_links":{"self":[{"href":"https:\/\/swissmig.unine.ch\/index.php?rest_route=\/wp\/v2\/posts\/2839","targetHints":{"allow":["GET"]}}],"collection":[{"href":"https:\/\/swissmig.unine.ch\/index.php?rest_route=\/wp\/v2\/posts"}],"about":[{"href":"https:\/\/swissmig.unine.ch\/index.php?rest_route=\/wp\/v2\/types\/post"}],"author":[{"embeddable":true,"href":"https:\/\/swissmig.unine.ch\/index.php?rest_route=\/wp\/v2\/users\/4"}],"replies":[{"embeddable":true,"href":"https:\/\/swissmig.unine.ch\/index.php?rest_route=%2Fwp%2Fv2%2Fcomments&post=2839"}],"version-history":[{"count":0,"href":"https:\/\/swissmig.unine.ch\/index.php?rest_route=\/wp\/v2\/posts\/2839\/revisions"}],"wp:attachment":[{"href":"https:\/\/swissmig.unine.ch\/index.php?rest_route=%2Fwp%2Fv2%2Fmedia&parent=2839"}],"wp:term":[{"taxonomy":"category","embeddable":true,"href":"https:\/\/swissmig.unine.ch\/index.php?rest_route=%2Fwp%2Fv2%2Fcategories&post=2839"},{"taxonomy":"post_tag","embeddable":true,"href":"https:\/\/swissmig.unine.ch\/index.php?rest_route=%2Fwp%2Fv2%2Ftags&post=2839"}],"curies":[{"name":"wp","href":"https:\/\/api.w.org\/{rel}","templated":true}]}}